{"id":8551,"date":"2026-09-06T06:21:41","date_gmt":"2026-09-06T04:21:41","guid":{"rendered":"https:\/\/redtamaulipas.com\/sitio\/?p=8551"},"modified":"2026-09-06T06:21:44","modified_gmt":"2026-09-06T04:21:44","slug":"uat-sancionara-con-firmeza-las-novatadas-en-veterinaria","status":"publish","type":"post","link":"https:\/\/redtamaulipas.com\/sitio\/uat-sancionara-con-firmeza-las-novatadas-en-veterinaria\/","title":{"rendered":"UAT sancionar\u00e1 con firmeza las novatadas en Veterinaria"},"content":{"rendered":"\n<p class=\"wp-block-paragraph\">El rector de la Universidad Aut\u00f3noma de Tamaulipas (UAT), D\u00e1maso Anaya Alvarado, manifest\u00f3 su molestia por los hechos ocurridos en la Facultad de Veterinaria de Ciudad Victoria, donde un estudiante de primer semestre termin\u00f3 hospitalizado tras presuntamente ser v\u00edctima de una novatada.<br>El joven, residente de San Luis Potos\u00ed, se\u00f1al\u00f3 que, junto con otros estudiantes de nuevo ingreso, fue sometido a diversas pr\u00e1cticas por alumnos de grados avanzados, entre ellas ser amarrados, recibir esti\u00e9rcol, orina y sangre de animales, adem\u00e1s de gritos y otras agresiones.<br>De acuerdo con su testimonio, tambi\u00e9n fue obligado a comer un chile habanero, pese a ser al\u00e9rgico, situaci\u00f3n que deriv\u00f3 en su ingreso al Hospital del Instituto Mexicano del Seguro Social (IMSS).<br>Ante estos hechos, el rector asegur\u00f3 que ya se realiza la investigaci\u00f3n correspondiente y advirti\u00f3 que los responsables ser\u00e1n sancionados conforme al reglamento universitario.<br>D\u00e1maso Anaya dej\u00f3 claro que las medidas ser\u00e1n en\u00e9rgicas y sin excepciones, al se\u00f1alar que se actuar\u00e1 contra quienes resulten responsables, \u201ccaiga quien caiga\u201d.<\/p>\n\n    <div class=\"xs_social_share_widget xs_share_url after_content \t\tmain_content  wslu-style-1 wslu-share-box-shaped wslu-fill-colored wslu-none wslu-share-horizontal wslu-theme-font-no wslu-main_content\">\n\n\t\t\n        <ul>\n\t\t\t        <\/ul>\n    <\/div> \n","protected":false},"excerpt":{"rendered":"<p>El rector de la Universidad Aut\u00f3noma de Tamaulipas (UAT), D\u00e1maso Anaya Alvarado, manifest\u00f3 su molestia por los hechos ocurridos en la Facultad de Veterinaria de Ciudad Victoria, donde un estudiante de primer semestre termin\u00f3 hospitalizado tras presuntamente ser v\u00edctima de una novatada.El joven, residente de San Luis Potos\u00ed, se\u00f1al\u00f3 que, junto con otros estudiantes de&#8230;<\/p>\n","protected":false},"author":2,"featured_media":8552,"comment_status":"open","ping_status":"open","sticky":false,"template":"","format":"standard","meta":{"_monsterinsights_skip_tracking":false,"footnotes":""},"categories":[9],"tags":[],"ppma_author":[45],"class_list":["post-8551","post","type-post","status-publish","format-standard","has-post-thumbnail","hentry","category-educacion"],"aioseo_notices":[],"authors":[{"term_id":45,"user_id":2,"is_guest":0,"slug":"redmujerestamyahoo-es","display_name":"Dora De La Cruz","avatar_url":"https:\/\/secure.gravatar.com\/avatar\/5d289d7424cd23c853caf9927561fe540441ff1d3d30ead633ab94d5b8853ba3?s=96&d=mm&r=g","author_category":"","first_name":"Dora De La Cruz","last_name":"","user_url":"","job_title":"","description":""}],"_links":{"self":[{"href":"https:\/\/redtamaulipas.com\/sitio\/wp-json\/wp\/v2\/posts\/8551","targetHints":{"allow":["GET"]}}],"collection":[{"href":"https:\/\/redtamaulipas.com\/sitio\/wp-json\/wp\/v2\/posts"}],"about":[{"href":"https:\/\/redtamaulipas.com\/sitio\/wp-json\/wp\/v2\/types\/post"}],"author":[{"embeddable":true,"href":"https:\/\/redtamaulipas.com\/sitio\/wp-json\/wp\/v2\/users\/2"}],"replies":[{"embeddable":true,"href":"https:\/\/redtamaulipas.com\/sitio\/wp-json\/wp\/v2\/comments?post=8551"}],"version-history":[{"count":1,"href":"https:\/\/redtamaulipas.com\/sitio\/wp-json\/wp\/v2\/posts\/8551\/revisions"}],"predecessor-version":[{"id":8553,"href":"https:\/\/redtamaulipas.com\/sitio\/wp-json\/wp\/v2\/posts\/8551\/revisions\/8553"}],"wp:featuredmedia":[{"embeddable":true,"href":"https:\/\/redtamaulipas.com\/sitio\/wp-json\/wp\/v2\/media\/8552"}],"wp:attachment":[{"href":"https:\/\/redtamaulipas.com\/sitio\/wp-json\/wp\/v2\/media?parent=8551"}],"wp:term":[{"taxonomy":"category","embeddable":true,"href":"https:\/\/redtamaulipas.com\/sitio\/wp-json\/wp\/v2\/categories?post=8551"},{"taxonomy":"post_tag","embeddable":true,"href":"https:\/\/redtamaulipas.com\/sitio\/wp-json\/wp\/v2\/tags?post=8551"},{"taxonomy":"author","embeddable":true,"href":"https:\/\/redtamaulipas.com\/sitio\/wp-json\/wp\/v2\/ppma_author?post=8551"}],"curies":[{"name":"wp","href":"https:\/\/api.w.org\/{rel}","templated":true}]}}