{"id":8548,"date":"2026-09-06T06:20:25","date_gmt":"2026-09-06T04:20:25","guid":{"rendered":"https:\/\/redtamaulipas.com\/sitio\/?p=8548"},"modified":"2026-09-06T06:20:27","modified_gmt":"2026-09-06T04:20:27","slug":"en-camargo-destaca-americo-logros-en-seguridad-la-paz-es-el-camino-y-lo-estamos-recorriendo-juntos","status":"publish","type":"post","link":"https:\/\/redtamaulipas.com\/sitio\/en-camargo-destaca-americo-logros-en-seguridad-la-paz-es-el-camino-y-lo-estamos-recorriendo-juntos\/","title":{"rendered":"En Camargo, destaca Am\u00e9rico logros en seguridad: \u00abLa paz es el camino y lo estamos recorriendo juntos\u00bb"},"content":{"rendered":"\n<p class=\"wp-block-paragraph\">Camargo, Tamaulipas.- Desde el municipio de Camargo, el gobernador Am\u00e9rico Villarreal Anaya destac\u00f3 los logros en materia de seguridad p\u00fablica que se registran en Tamaulipas, \u00abla paz no es la meta, la paz es el camino y lo estamos recorriendo juntos\u00bb, expres\u00f3 al recordar que en enero del 2021 en esta regi\u00f3n se presentaron cr\u00edmenes de lesa humanidad, \u00aben esta administraci\u00f3n y con el trabajo de todos ya no se presentan\u00bb, afirm\u00f3.<\/p>\n\n\n\n<p class=\"wp-block-paragraph\">En el marco del segundo informe de la presidenta municipal de Heroica Camargo, Ernestina Perales Ortiz, el gobernador del estado reiter\u00f3 que, en lo relativo a paz y seguridad, los resultados se reflejan tanto en los indicadores oficiales del Secretariado Nacional como en la vida cotidiana de la poblaci\u00f3n, \u00abyo aqu\u00ed les digo que no seamos de corta memoria, acord\u00e9monos c\u00f3mo est\u00e1bamos hace cinco o seis a\u00f1os\u00bb, mencion\u00f3.<\/p>\n\n\n\n<p class=\"wp-block-paragraph\">\u00abHoy Tamaulipas est\u00e1 objetivamente mejor. Somos una sociedad m\u00e1s solidaria, m\u00e1s participativa y mucho m\u00e1s fuerte, gracias a una democracia que se vive en los tres Poderes del Estado y los 43 municipios y a la prosperidad que estamos consiguiendo\u00bb, expres\u00f3.<\/p>\n\n\n\n<p class=\"wp-block-paragraph\">El gobernador refiri\u00f3 que en Camargo, entre 2022 y 2026, la inversi\u00f3n estatal y federal aplicada en este municipio es de 727 millones de pesos, mientras que por parte de los programas para el bienestar federal se ha generado una derrama acumulada superior a los 550 millones de pesos.<\/p>\n\n\n\n<p class=\"wp-block-paragraph\">Explic\u00f3 que hoy m\u00e1s de 2,800 adultos mayores de Camargo reciben su pensi\u00f3n, 558 mujeres son beneficiarias de las pensiones Mujeres Bienestar, 287 personas reciben la pensi\u00f3n para personas con discapacidad y 84 j\u00f3venes participan en J\u00f3venes Construyendo el Futuro.<\/p>\n\n\n\n<p class=\"wp-block-paragraph\">En materia de infraestructura y obra, solo este 2026 se destinan 108 millones de pesos en proyectos estatales, cifra a la que se suma una inversi\u00f3n social de 68 millones de pesos en programas estatales estrat\u00e9gicos.<\/p>\n\n\n\n<p class=\"wp-block-paragraph\">En educaci\u00f3n, mencion\u00f3 que se apoya con \u00fatiles escolares a m\u00e1s de 8,800 estudiantes, con uniformes gratuitos a m\u00e1s de 2,000, as\u00ed como 815 becas estatales, mientras que a trav\u00e9s del DIF Tamaulipas se han invertido m\u00e1s de 22 millones de pesos en programas alimentarios, incluyendo m\u00e1s de 1.6 millones de raciones de desayunos escolares y m\u00e1s de 14,000 despensas para las familias.<\/p>\n\n\n\n<p class=\"wp-block-paragraph\">Al reiterar su felicitaci\u00f3n a la presidenta municipal y al Ayuntamiento de Camargo por este ejercicio de rendici\u00f3n de cuentas, el gobernador reiter\u00f3 su compromiso por redoblar el paso de esta transformaci\u00f3n, a fin de garantizar derechos sociales y derechos humanos, y de poner el gobierno siempre al servicio del pueblo.<\/p>\n\n\n\n<p class=\"wp-block-paragraph\">Por su parte, la presidenta municipal de Camargo, Ernestina Perales Ortiz, reconoci\u00f3 la cercan\u00eda y apoyo del gobernador Am\u00e9rico Villarreal Anaya y el respaldo que ha brindado a todas las gestiones.<\/p>\n\n\n\n<p class=\"wp-block-paragraph\">\u00abEl que est\u00e9 hoy aqu\u00ed presente significa el compromiso, el compromiso que tiene con todos los camarguenses. Gracias, gobernador, por seguir volteando hacia la frontera y por su respaldo incondicional a Camargo\u00bb, dijo.<\/p>\n\n\n\n<p class=\"wp-block-paragraph\">La alcaldesa mencion\u00f3 que el apoyo del gobernador se ha traducido en beneficio directo y gestiones concretas, entre las que destacan el hist\u00f3rico respaldo financiero para liquidar la deuda que la Comapa arrastraba de administraciones anteriores por un monto aproximado de 4.5 millones de pesos, as\u00ed como la generaci\u00f3n de empleo temporal para 50 personas, la entrega de tinacos para las familias de comunidades rurales y la siembra de 100,000 alevines en la presa Marte R. G\u00f3mez.<\/p>\n\n\n\n<p class=\"wp-block-paragraph\">\u00abCamargo tiene futuro porque tiene gente que no deja de trabajar por \u00e9l, con ese compromiso seguiremos avanzando con la responsabilidad de quien sabe que el poder se ejerce para servir y con el firme prop\u00f3sito de que al final de esta administraci\u00f3n cada familia camarguense pueda decir que su municipio avanz\u00f3\u00bb, afirm\u00f3.<\/p>\n\n\n\n<p class=\"wp-block-paragraph\">De manera especial se refiri\u00f3 a la construcci\u00f3n de la Estaci\u00f3n Segura en la carretera Ribere\u00f1a en Ciudad Camargo y el acompa\u00f1amiento diario de las dependencias estatales que trabajan de la mano con el Ayuntamiento y las dependencias federales.<\/p>\n\n\n\n<p class=\"wp-block-paragraph\">En este evento acompa\u00f1aron al gobernador los secretarios Carlos Arturo Pancardo, de Seguridad P\u00fablica; Ra\u00fal Quiroga \u00c1lvarez, de Recursos Hidr\u00e1ulicos; del Trabajo, Gerardo Illoldi Reyes, y Antonio Varela Flores, de Desarrollo Rural.<\/p>\n\n    <div class=\"xs_social_share_widget xs_share_url after_content \t\tmain_content  wslu-style-1 wslu-share-box-shaped wslu-fill-colored wslu-none wslu-share-horizontal wslu-theme-font-no wslu-main_content\">\n\n\t\t\n        <ul>\n\t\t\t        <\/ul>\n    <\/div> \n","protected":false},"excerpt":{"rendered":"<p>Camargo, Tamaulipas.- Desde el municipio de Camargo, el gobernador Am\u00e9rico Villarreal Anaya destac\u00f3 los logros en materia de seguridad p\u00fablica que se registran en Tamaulipas, \u00abla paz no es la meta, la paz es el camino y lo estamos recorriendo juntos\u00bb, expres\u00f3 al recordar que en enero del 2021 en esta regi\u00f3n se presentaron cr\u00edmenes&#8230;<\/p>\n","protected":false},"author":2,"featured_media":8549,"comment_status":"open","ping_status":"open","sticky":false,"template":"","format":"standard","meta":{"_monsterinsights_skip_tracking":false,"footnotes":""},"categories":[35],"tags":[],"ppma_author":[45],"class_list":["post-8548","post","type-post","status-publish","format-standard","has-post-thumbnail","hentry","category-estado"],"aioseo_notices":[],"authors":[{"term_id":45,"user_id":2,"is_guest":0,"slug":"redmujerestamyahoo-es","display_name":"Dora De La Cruz","avatar_url":"https:\/\/secure.gravatar.com\/avatar\/5d289d7424cd23c853caf9927561fe540441ff1d3d30ead633ab94d5b8853ba3?s=96&d=mm&r=g","author_category":"","first_name":"Dora De La Cruz","last_name":"","user_url":"","job_title":"","description":""}],"_links":{"self":[{"href":"https:\/\/redtamaulipas.com\/sitio\/wp-json\/wp\/v2\/posts\/8548","targetHints":{"allow":["GET"]}}],"collection":[{"href":"https:\/\/redtamaulipas.com\/sitio\/wp-json\/wp\/v2\/posts"}],"about":[{"href":"https:\/\/redtamaulipas.com\/sitio\/wp-json\/wp\/v2\/types\/post"}],"author":[{"embeddable":true,"href":"https:\/\/redtamaulipas.com\/sitio\/wp-json\/wp\/v2\/users\/2"}],"replies":[{"embeddable":true,"href":"https:\/\/redtamaulipas.com\/sitio\/wp-json\/wp\/v2\/comments?post=8548"}],"version-history":[{"count":1,"href":"https:\/\/redtamaulipas.com\/sitio\/wp-json\/wp\/v2\/posts\/8548\/revisions"}],"predecessor-version":[{"id":8550,"href":"https:\/\/redtamaulipas.com\/sitio\/wp-json\/wp\/v2\/posts\/8548\/revisions\/8550"}],"wp:featuredmedia":[{"embeddable":true,"href":"https:\/\/redtamaulipas.com\/sitio\/wp-json\/wp\/v2\/media\/8549"}],"wp:attachment":[{"href":"https:\/\/redtamaulipas.com\/sitio\/wp-json\/wp\/v2\/media?parent=8548"}],"wp:term":[{"taxonomy":"category","embeddable":true,"href":"https:\/\/redtamaulipas.com\/sitio\/wp-json\/wp\/v2\/categories?post=8548"},{"taxonomy":"post_tag","embeddable":true,"href":"https:\/\/redtamaulipas.com\/sitio\/wp-json\/wp\/v2\/tags?post=8548"},{"taxonomy":"author","embeddable":true,"href":"https:\/\/redtamaulipas.com\/sitio\/wp-json\/wp\/v2\/ppma_author?post=8548"}],"curies":[{"name":"wp","href":"https:\/\/api.w.org\/{rel}","templated":true}]}}