{"id":8545,"date":"2026-09-06T06:15:12","date_gmt":"2026-09-06T04:15:12","guid":{"rendered":"https:\/\/redtamaulipas.com\/sitio\/?p=8545"},"modified":"2026-09-06T06:15:13","modified_gmt":"2026-09-06T04:15:13","slug":"empatan-sin-goles-correcaminos-y-mineros-en-la-liga-premier","status":"publish","type":"post","link":"https:\/\/redtamaulipas.com\/sitio\/empatan-sin-goles-correcaminos-y-mineros-en-la-liga-premier\/","title":{"rendered":"Empatan sin goles Correcaminos y Mineros en la Liga Premier"},"content":{"rendered":"\n<p class=\"wp-block-paragraph\">Cd. Victoria, Tamaulipas.- En un intenso duelo que tuvo emociones en el arco rival, Correcaminos de la Universidad Aut\u00f3noma de Tamaulipas consigui\u00f3 su primer punto de la temporada 2026-2027 en la Liga Premier A, tras registrar un empate sin goles frente a los Mineros de Fresnillo en actividad de la Jornada 2 que se disput\u00f3 en el Estadio Marte R. G\u00f3mez.<\/p>\n\n\n\n<p class=\"wp-block-paragraph\">El cuadro dirigido por el timonel victorense Jorge Urbina S\u00e1nchez, plante\u00f3 un encuentro donde busc\u00f3 plasmar el dominio que se tiene que demostrar siempre como local, por lo que mand\u00f3 al terreno de juego un equipo con experiencia incluso con minutos en Liga Expansi\u00f3n MX.<\/p>\n\n\n\n<p class=\"wp-block-paragraph\">Elementos como Ian Garc\u00eda en la porter\u00eda, Ricardo Gonz\u00e1lez, Servando Aguilar, Danilo Rinc\u00f3n y Rafael Arce, as\u00ed como Gianni Rubli, Aldo Garc\u00eda, Hugo Maldonado, Luis Garc\u00eda y los reci\u00e9n incorporados Walter Acu\u00f1a y Luis Campero, imprimieron intensidad en el terreno de juego en un primer tiempo que, tras los minutos de adaptaci\u00f3n, empez\u00f3 a mostrar los primeros indicios de peligro.<\/p>\n\n\n\n<p class=\"wp-block-paragraph\">Antes del descanso fue el argentino Campero quien puso a temblar a la vista, tras prender el esf\u00e9rico que se estrell\u00f3 en el travesa\u00f1o de la caba\u00f1a defendida por Ricardo Cruz.<\/p>\n\n\n\n<p class=\"wp-block-paragraph\">Para la parte complementaria, los m\u00e1s de 35 grados cent\u00edgrados empezaron a hacer mella en ambas escuadras que exhibieron el desgaste propio de las condiciones clim\u00e1ticas y la exigencia de juego.<\/p>\n\n\n\n<p class=\"wp-block-paragraph\">Walter Acu\u00f1a mand\u00f3 un centro raso peligroso que Campero no pudo conectar para cantar el primero.<\/p>\n\n\n\n<p class=\"wp-block-paragraph\">Ya en el cierre, Urbina realiz\u00f3 cambios de refresco y el reci\u00e9n ingresado Manuel Garza, regal\u00f3 una pincelada al prender dentro del \u00e1rea un bal\u00f3n que se va apenas arriba del \u00e1ngulo superior derecho de la porter\u00eda zacatecana.<\/p>\n\n\n\n<p class=\"wp-block-paragraph\">Con el esfuerzo entregado y dejando una buena impresi\u00f3n entra la buena cantidad de Leales que se dieron cita en la tribuna de platea del Ol\u00edmpico Victoria, el juego concluy\u00f3 0 a 0 con un punto en la bolsa para la escuadra Universitaria.<\/p>\n\n\n\n<p class=\"wp-block-paragraph\">Para la jornada 3, Correcaminos de la UAT visitar\u00e1 al Saltillo Soccer en partido a disputarse en el Ol\u00edmpico Francisco I. Madero, en territorio coahuilense.<\/p>\n\n    <div class=\"xs_social_share_widget xs_share_url after_content \t\tmain_content  wslu-style-1 wslu-share-box-shaped wslu-fill-colored wslu-none wslu-share-horizontal wslu-theme-font-no wslu-main_content\">\n\n\t\t\n        <ul>\n\t\t\t        <\/ul>\n    <\/div> \n","protected":false},"excerpt":{"rendered":"<p>Cd. Victoria, Tamaulipas.- En un intenso duelo que tuvo emociones en el arco rival, Correcaminos de la Universidad Aut\u00f3noma de Tamaulipas consigui\u00f3 su primer punto de la temporada 2026-2027 en la Liga Premier A, tras registrar un empate sin goles frente a los Mineros de Fresnillo en actividad de la Jornada 2 que se disput\u00f3&#8230;<\/p>\n","protected":false},"author":2,"featured_media":8546,"comment_status":"open","ping_status":"open","sticky":false,"template":"","format":"standard","meta":{"_monsterinsights_skip_tracking":false,"footnotes":""},"categories":[24],"tags":[],"ppma_author":[45],"class_list":["post-8545","post","type-post","status-publish","format-standard","has-post-thumbnail","hentry","category-deporte"],"aioseo_notices":[],"authors":[{"term_id":45,"user_id":2,"is_guest":0,"slug":"redmujerestamyahoo-es","display_name":"Dora De La Cruz","avatar_url":"https:\/\/secure.gravatar.com\/avatar\/5d289d7424cd23c853caf9927561fe540441ff1d3d30ead633ab94d5b8853ba3?s=96&d=mm&r=g","author_category":"","first_name":"Dora De La Cruz","last_name":"","user_url":"","job_title":"","description":""}],"_links":{"self":[{"href":"https:\/\/redtamaulipas.com\/sitio\/wp-json\/wp\/v2\/posts\/8545","targetHints":{"allow":["GET"]}}],"collection":[{"href":"https:\/\/redtamaulipas.com\/sitio\/wp-json\/wp\/v2\/posts"}],"about":[{"href":"https:\/\/redtamaulipas.com\/sitio\/wp-json\/wp\/v2\/types\/post"}],"author":[{"embeddable":true,"href":"https:\/\/redtamaulipas.com\/sitio\/wp-json\/wp\/v2\/users\/2"}],"replies":[{"embeddable":true,"href":"https:\/\/redtamaulipas.com\/sitio\/wp-json\/wp\/v2\/comments?post=8545"}],"version-history":[{"count":1,"href":"https:\/\/redtamaulipas.com\/sitio\/wp-json\/wp\/v2\/posts\/8545\/revisions"}],"predecessor-version":[{"id":8547,"href":"https:\/\/redtamaulipas.com\/sitio\/wp-json\/wp\/v2\/posts\/8545\/revisions\/8547"}],"wp:featuredmedia":[{"embeddable":true,"href":"https:\/\/redtamaulipas.com\/sitio\/wp-json\/wp\/v2\/media\/8546"}],"wp:attachment":[{"href":"https:\/\/redtamaulipas.com\/sitio\/wp-json\/wp\/v2\/media?parent=8545"}],"wp:term":[{"taxonomy":"category","embeddable":true,"href":"https:\/\/redtamaulipas.com\/sitio\/wp-json\/wp\/v2\/categories?post=8545"},{"taxonomy":"post_tag","embeddable":true,"href":"https:\/\/redtamaulipas.com\/sitio\/wp-json\/wp\/v2\/tags?post=8545"},{"taxonomy":"author","embeddable":true,"href":"https:\/\/redtamaulipas.com\/sitio\/wp-json\/wp\/v2\/ppma_author?post=8545"}],"curies":[{"name":"wp","href":"https:\/\/api.w.org\/{rel}","templated":true}]}}