{"id":8536,"date":"2026-09-06T06:08:32","date_gmt":"2026-09-06T04:08:32","guid":{"rendered":"https:\/\/redtamaulipas.com\/sitio\/?p=8536"},"modified":"2026-09-06T06:08:33","modified_gmt":"2026-09-06T04:08:33","slug":"%f0%9f%94%b4sheinbaum-rumbo-a-su-decima-visita-oficial-a-tamaulipas","status":"publish","type":"post","link":"https:\/\/redtamaulipas.com\/sitio\/%f0%9f%94%b4sheinbaum-rumbo-a-su-decima-visita-oficial-a-tamaulipas\/","title":{"rendered":"\ud83d\udd34Sheinbaum, rumbo a su d\u00e9cima visita oficial a Tamaulipas"},"content":{"rendered":"\n<p class=\"wp-block-paragraph\">Miriam Vallejano \/ Red Tamaulipas<\/p>\n\n\n\n<p class=\"wp-block-paragraph\">Ciudad Victoria, Tamaulipas.\u2013 La presidenta Claudia Sheinbaum Pardo realizar\u00e1 pr\u00f3ximamente su d\u00e9cima visita oficial a Tamaulipas desde el inicio de su mandato, consolidando al estado como uno de los puntos recurrentes dentro de su agenda presidencial.<br>A lo largo de su administraci\u00f3n, Sheinbaum ha visitado municipios como Nuevo Laredo, Ciudad Victoria, Tampico, Reynosa, Matamoros y Ciudad Madero, donde ha encabezado actividades relacionadas con infraestructura, seguridad, programas sociales, salud y desarrollo regional.<br>Su primera visita oficial como presidenta ocurri\u00f3 en diciembre de 2024, en Nuevo Laredo, donde supervis\u00f3 proyectos relacionados con las aduanas y programas sociales.<br>Ahora, su regreso a Ciudad Victoria marcar\u00e1 su d\u00e9cima gira oficial por Tamaulipas, en una agenda que contempla abordar los principales temas nacionales y asuntos espec\u00edficos de la entidad.<\/p>\n\n    <div class=\"xs_social_share_widget xs_share_url after_content \t\tmain_content  wslu-style-1 wslu-share-box-shaped wslu-fill-colored wslu-none wslu-share-horizontal wslu-theme-font-no wslu-main_content\">\n\n\t\t\n        <ul>\n\t\t\t        <\/ul>\n    <\/div> \n","protected":false},"excerpt":{"rendered":"<p>Miriam Vallejano \/ Red Tamaulipas Ciudad Victoria, Tamaulipas.\u2013 La presidenta Claudia Sheinbaum Pardo realizar\u00e1 pr\u00f3ximamente su d\u00e9cima visita oficial a Tamaulipas desde el inicio de su mandato, consolidando al estado como uno de los puntos recurrentes dentro de su agenda presidencial.A lo largo de su administraci\u00f3n, Sheinbaum ha visitado municipios como Nuevo Laredo, Ciudad Victoria,&#8230;<\/p>\n","protected":false},"author":2,"featured_media":8537,"comment_status":"open","ping_status":"open","sticky":false,"template":"","format":"standard","meta":{"_monsterinsights_skip_tracking":false,"footnotes":""},"categories":[35],"tags":[],"ppma_author":[45],"class_list":["post-8536","post","type-post","status-publish","format-standard","has-post-thumbnail","hentry","category-estado"],"aioseo_notices":[],"authors":[{"term_id":45,"user_id":2,"is_guest":0,"slug":"redmujerestamyahoo-es","display_name":"Dora De La Cruz","avatar_url":"https:\/\/secure.gravatar.com\/avatar\/5d289d7424cd23c853caf9927561fe540441ff1d3d30ead633ab94d5b8853ba3?s=96&d=mm&r=g","author_category":"","first_name":"Dora De La Cruz","last_name":"","user_url":"","job_title":"","description":""}],"_links":{"self":[{"href":"https:\/\/redtamaulipas.com\/sitio\/wp-json\/wp\/v2\/posts\/8536","targetHints":{"allow":["GET"]}}],"collection":[{"href":"https:\/\/redtamaulipas.com\/sitio\/wp-json\/wp\/v2\/posts"}],"about":[{"href":"https:\/\/redtamaulipas.com\/sitio\/wp-json\/wp\/v2\/types\/post"}],"author":[{"embeddable":true,"href":"https:\/\/redtamaulipas.com\/sitio\/wp-json\/wp\/v2\/users\/2"}],"replies":[{"embeddable":true,"href":"https:\/\/redtamaulipas.com\/sitio\/wp-json\/wp\/v2\/comments?post=8536"}],"version-history":[{"count":1,"href":"https:\/\/redtamaulipas.com\/sitio\/wp-json\/wp\/v2\/posts\/8536\/revisions"}],"predecessor-version":[{"id":8538,"href":"https:\/\/redtamaulipas.com\/sitio\/wp-json\/wp\/v2\/posts\/8536\/revisions\/8538"}],"wp:featuredmedia":[{"embeddable":true,"href":"https:\/\/redtamaulipas.com\/sitio\/wp-json\/wp\/v2\/media\/8537"}],"wp:attachment":[{"href":"https:\/\/redtamaulipas.com\/sitio\/wp-json\/wp\/v2\/media?parent=8536"}],"wp:term":[{"taxonomy":"category","embeddable":true,"href":"https:\/\/redtamaulipas.com\/sitio\/wp-json\/wp\/v2\/categories?post=8536"},{"taxonomy":"post_tag","embeddable":true,"href":"https:\/\/redtamaulipas.com\/sitio\/wp-json\/wp\/v2\/tags?post=8536"},{"taxonomy":"author","embeddable":true,"href":"https:\/\/redtamaulipas.com\/sitio\/wp-json\/wp\/v2\/ppma_author?post=8536"}],"curies":[{"name":"wp","href":"https:\/\/api.w.org\/{rel}","templated":true}]}}