{"id":8522,"date":"2026-09-04T17:15:04","date_gmt":"2026-09-04T15:15:04","guid":{"rendered":"https:\/\/redtamaulipas.com\/sitio\/?p=8522"},"modified":"2026-09-04T17:15:06","modified_gmt":"2026-09-04T15:15:06","slug":"de-tin-marin-de-do-pingue","status":"publish","type":"post","link":"https:\/\/redtamaulipas.com\/sitio\/de-tin-marin-de-do-pingue\/","title":{"rendered":"De tin mar\u00edn de do ping\u00fc\u00e9"},"content":{"rendered":"\n<p class=\"wp-block-paragraph\">Se ha filtrado la lista de nombres de las y los pol\u00edticos que estar\u00edan considerados en la encuesta que Morena prepara, para definir la candidatura a la alcald\u00eda de Victoria. La lista sorprender\u00e1 a m\u00e1s de uno, pues en el primer lugar aparece el presidente del Consejo Estatal de Morena, R\u00f3mulo P\u00e9rez.<\/p>\n\n\n\n<p class=\"wp-block-paragraph\">De acuerdo con la informaci\u00f3n que circula, la lista todav\u00eda podr\u00eda tener cambios, porque en pol\u00edtica las decisiones pueden modificarse de un momento a otro y, hasta que Morena defina el m\u00e9todo y los nombres finales, nada est\u00e1 escrito.<\/p>\n\n\n\n<p class=\"wp-block-paragraph\">En la lista de los hombres, despu\u00e9s de R\u00f3mulo P\u00e9rez aparecen, Gerardo Illoldi y el diputado federal Pepe Bra\u00f1a. En el caso de las mujeres, el primer nombre es el de la Secretaria de Bienestar Social, Silvia Casas, seguida por las diputadas Blanca Anzald\u00faa y Katalyna M\u00e9ndez Cepeda.<\/p>\n\n\n\n<p class=\"wp-block-paragraph\">Por ahora, son los nombres que circulan para la medici\u00f3n, pero habr\u00e1 que esperar si todos llegan a la encuesta definitiva o si, como suele ocurrir en pol\u00edtica, en los pr\u00f3ximos d\u00edas aparecer\u00e1 otro candidateable.<\/p>\n\n\n\n<p class=\"wp-block-paragraph\">Como a\u00fan no queda claro c\u00f3mo aplicar\u00e1 Morena la regla de paridad en las candidaturas locales, est\u00e1 en el aire la decisi\u00f3n de que la candidatura de Victoria sea para una mujer o para un hombre. As\u00ed es que la discusi\u00f3n est\u00e1 abierta<\/p>\n\n\n\n<p class=\"wp-block-paragraph\">En el caso de la terna de mujeres, para la candidatura de Victoria, las tres mujeres tienen perfil para llegar a gobernar la capital de Victoria, que ya es una deuda hist\u00f3rica que se tiene con las mujeres en la capital del estado.<\/p>\n\n\n\n<p class=\"wp-block-paragraph\">La Doctora Silvia Casas, tiene un perfil acad\u00e9mico, que ser\u00eda lo mejor que le pasara a la capital, de llegar a ser la electa para contender en la boleta; as\u00ed tambi\u00e9n la diputada local, Blanca Anzaldua, quien es una mujer con carrera pol\u00edtica, con una formaci\u00f3n dentro del magisterio, que tambi\u00e9n ser\u00eda una buena alcaldesa, y por su parte Katalyna M\u00e9ndez Cepeda, una joven pol\u00edtica, llegar\u00eda con el respaldo de una nueva clase pol\u00edtica de Morena, que tiene que ver con la juventud y que tiene mucho que aportar por la capital del estado.<\/p>\n\n\n\n<p class=\"wp-block-paragraph\">En el caso de la terna de los hombres, R\u00f3mulo P\u00e9rez, tiene una lucha defendiendo los triunfos electorales, desde la legalidad y respondiendo a la guerra sucia del prianismo; tendr\u00eda que hacer una buena oferta electoral a la ciudadan\u00eda; lo mismo pasa con el Secretario del Trabajo , que le apuestan a su f\u00edsico, que en la boleta eso no cuenta, pero la marca Morena, le dar\u00eda los votos para un triunfo electoral, y por su parte, Pepe Bra\u00f1a, es un personaje, que la ha trabajado mucho por buscar la candidatura, pero que tiene puntos en contra, por su poca cercan\u00eda con la ciudad; s\u00ed, tendr\u00eda que revisar su forma de hacer pol\u00edtica, para encajar con su marca del Movimiento de la Cuarta Transformaci\u00f3n.<\/p>\n\n\n\n<p class=\"wp-block-paragraph\">A\u00fan sin fecha para elegir a los y las coordinadoras de la defensa de la transformaci\u00f3n; en lo local, la capital es una de las que Morena a nivel nacional, las tiene en la lista de prioridades; que mover\u00e1 toda su estructura territorial para gargarizar el triunfo, por lo que deber\u00e1 de elegir bien y que las encuestas se realicen con la mayor transparencia.<\/p>\n\n\n\n<p class=\"wp-block-paragraph\">Aqu\u00ed no aplicar\u00e1 la f\u00f3rmula del \u201cde tin mar\u00edn de do ping\u00fc\u00e9\u201d, como tampoco lo ser\u00e1 para ning\u00fan municipio, ni distrito; la ciudadan\u00eda espera los mejores cuadros para que lleguen a representarlos en los congresos y los municipios, incluyendo la reelecci\u00f3n, en los casos donde los alcaldes, le quedaron a deber a la ciudadan\u00eda.<\/p>\n\n    <div class=\"xs_social_share_widget xs_share_url after_content \t\tmain_content  wslu-style-1 wslu-share-box-shaped wslu-fill-colored wslu-none wslu-share-horizontal wslu-theme-font-no wslu-main_content\">\n\n\t\t\n        <ul>\n\t\t\t        <\/ul>\n    <\/div> \n","protected":false},"excerpt":{"rendered":"<p>Se ha filtrado la lista de nombres de las y los pol\u00edticos que estar\u00edan considerados en la encuesta que Morena prepara, para definir la candidatura a la alcald\u00eda de Victoria. La lista sorprender\u00e1 a m\u00e1s de uno, pues en el primer lugar aparece el presidente del Consejo Estatal de Morena, R\u00f3mulo P\u00e9rez. De acuerdo con&#8230;<\/p>\n","protected":false},"author":2,"featured_media":8523,"comment_status":"open","ping_status":"open","sticky":false,"template":"","format":"standard","meta":{"_monsterinsights_skip_tracking":false,"footnotes":""},"categories":[46],"tags":[],"ppma_author":[45],"class_list":["post-8522","post","type-post","status-publish","format-standard","has-post-thumbnail","hentry","category-columnistas"],"aioseo_notices":[],"authors":[{"term_id":45,"user_id":2,"is_guest":0,"slug":"redmujerestamyahoo-es","display_name":"Dora De La Cruz","avatar_url":"https:\/\/secure.gravatar.com\/avatar\/5d289d7424cd23c853caf9927561fe540441ff1d3d30ead633ab94d5b8853ba3?s=96&d=mm&r=g","author_category":"","first_name":"Dora De La Cruz","last_name":"","user_url":"","job_title":"","description":""}],"_links":{"self":[{"href":"https:\/\/redtamaulipas.com\/sitio\/wp-json\/wp\/v2\/posts\/8522","targetHints":{"allow":["GET"]}}],"collection":[{"href":"https:\/\/redtamaulipas.com\/sitio\/wp-json\/wp\/v2\/posts"}],"about":[{"href":"https:\/\/redtamaulipas.com\/sitio\/wp-json\/wp\/v2\/types\/post"}],"author":[{"embeddable":true,"href":"https:\/\/redtamaulipas.com\/sitio\/wp-json\/wp\/v2\/users\/2"}],"replies":[{"embeddable":true,"href":"https:\/\/redtamaulipas.com\/sitio\/wp-json\/wp\/v2\/comments?post=8522"}],"version-history":[{"count":1,"href":"https:\/\/redtamaulipas.com\/sitio\/wp-json\/wp\/v2\/posts\/8522\/revisions"}],"predecessor-version":[{"id":8524,"href":"https:\/\/redtamaulipas.com\/sitio\/wp-json\/wp\/v2\/posts\/8522\/revisions\/8524"}],"wp:featuredmedia":[{"embeddable":true,"href":"https:\/\/redtamaulipas.com\/sitio\/wp-json\/wp\/v2\/media\/8523"}],"wp:attachment":[{"href":"https:\/\/redtamaulipas.com\/sitio\/wp-json\/wp\/v2\/media?parent=8522"}],"wp:term":[{"taxonomy":"category","embeddable":true,"href":"https:\/\/redtamaulipas.com\/sitio\/wp-json\/wp\/v2\/categories?post=8522"},{"taxonomy":"post_tag","embeddable":true,"href":"https:\/\/redtamaulipas.com\/sitio\/wp-json\/wp\/v2\/tags?post=8522"},{"taxonomy":"author","embeddable":true,"href":"https:\/\/redtamaulipas.com\/sitio\/wp-json\/wp\/v2\/ppma_author?post=8522"}],"curies":[{"name":"wp","href":"https:\/\/api.w.org\/{rel}","templated":true}]}}