{"id":8509,"date":"2026-09-04T06:28:32","date_gmt":"2026-09-04T04:28:32","guid":{"rendered":"https:\/\/redtamaulipas.com\/sitio\/?p=8509"},"modified":"2026-09-04T06:33:34","modified_gmt":"2026-09-04T04:33:34","slug":"%f0%9f%92%94%e2%9a%a0%ef%b8%8fel-pequeno-que-sobrevivio-al-horror-nino-de-5-anos-testigo-clave-del-multihomicidio-de-jonathan-melendez","status":"publish","type":"post","link":"https:\/\/redtamaulipas.com\/sitio\/%f0%9f%92%94%e2%9a%a0%ef%b8%8fel-pequeno-que-sobrevivio-al-horror-nino-de-5-anos-testigo-clave-del-multihomicidio-de-jonathan-melendez\/","title":{"rendered":"\ud83d\udc94\u26a0\ufe0fEl peque\u00f1o que sobrevivi\u00f3 al horror: ni\u00f1o de 5 a\u00f1os, testigo clave del multihomicidio de Jonathan Mel\u00e9ndez"},"content":{"rendered":"\n<p class=\"wp-block-paragraph\">M\u00edriam Vallejano\/ Red Tamaulipas<\/p>\n\n\n\n<p class=\"wp-block-paragraph\">Un ni\u00f1o de apenas cinco a\u00f1os se convirti\u00f3 en testigo clave de una de las escenas m\u00e1s dolorosas del multihomicidio que cobr\u00f3 la vida del m\u00fasico Jonathan Mel\u00e9ndez, su esposa embarazada, su hija de tres a\u00f1os y una trabajadora dom\u00e9stica.<br>El peque\u00f1o habr\u00eda alcanzado a observar parte de lo ocurrido y ahora es considerado un testigo crucial para esclarecer el crimen.<br>Por estos hechos fueron detenidos Diego Sebasti\u00e1n \u201cN\u201d, se\u00f1alado como presunto responsable, y su chofer, Gerardo \u201cN\u201d.<br>De acuerdo con las primeras investigaciones, el crimen habr\u00eda tenido como origen una deuda econ\u00f3mica.<br>El principal sospechoso habr\u00eda sido socio y persona de confianza de Jonathan, v\u00ednculo que presuntamente le permiti\u00f3 ingresar al domicilio familiar sin levantar sospechas.<br>En medio de aquel momento de terror, el menor logr\u00f3 esconderse debajo de una cama dentro de una habitaci\u00f3n. Ah\u00ed permaneci\u00f3 hasta que polic\u00edas que acudieron al domicilio lo encontraron con vida.<\/p>\n\n    <div class=\"xs_social_share_widget xs_share_url after_content \t\tmain_content  wslu-style-1 wslu-share-box-shaped wslu-fill-colored wslu-none wslu-share-horizontal wslu-theme-font-no wslu-main_content\">\n\n\t\t\n        <ul>\n\t\t\t        <\/ul>\n    <\/div> \n","protected":false},"excerpt":{"rendered":"<p>M\u00edriam Vallejano\/ Red Tamaulipas Un ni\u00f1o de apenas cinco a\u00f1os se convirti\u00f3 en testigo clave de una de las escenas m\u00e1s dolorosas del multihomicidio que cobr\u00f3 la vida del m\u00fasico Jonathan Mel\u00e9ndez, su esposa embarazada, su hija de tres a\u00f1os y una trabajadora dom\u00e9stica.El peque\u00f1o habr\u00eda alcanzado a observar parte de lo ocurrido y ahora&#8230;<\/p>\n","protected":false},"author":2,"featured_media":8510,"comment_status":"open","ping_status":"open","sticky":false,"template":"","format":"standard","meta":{"_monsterinsights_skip_tracking":false,"footnotes":""},"categories":[6],"tags":[],"ppma_author":[45],"class_list":["post-8509","post","type-post","status-publish","format-standard","has-post-thumbnail","hentry","category-especial"],"aioseo_notices":[],"authors":[{"term_id":45,"user_id":2,"is_guest":0,"slug":"redmujerestamyahoo-es","display_name":"Dora De La Cruz","avatar_url":"https:\/\/secure.gravatar.com\/avatar\/5d289d7424cd23c853caf9927561fe540441ff1d3d30ead633ab94d5b8853ba3?s=96&d=mm&r=g","author_category":"","first_name":"Dora De La Cruz","last_name":"","user_url":"","job_title":"","description":""}],"_links":{"self":[{"href":"https:\/\/redtamaulipas.com\/sitio\/wp-json\/wp\/v2\/posts\/8509","targetHints":{"allow":["GET"]}}],"collection":[{"href":"https:\/\/redtamaulipas.com\/sitio\/wp-json\/wp\/v2\/posts"}],"about":[{"href":"https:\/\/redtamaulipas.com\/sitio\/wp-json\/wp\/v2\/types\/post"}],"author":[{"embeddable":true,"href":"https:\/\/redtamaulipas.com\/sitio\/wp-json\/wp\/v2\/users\/2"}],"replies":[{"embeddable":true,"href":"https:\/\/redtamaulipas.com\/sitio\/wp-json\/wp\/v2\/comments?post=8509"}],"version-history":[{"count":1,"href":"https:\/\/redtamaulipas.com\/sitio\/wp-json\/wp\/v2\/posts\/8509\/revisions"}],"predecessor-version":[{"id":8511,"href":"https:\/\/redtamaulipas.com\/sitio\/wp-json\/wp\/v2\/posts\/8509\/revisions\/8511"}],"wp:featuredmedia":[{"embeddable":true,"href":"https:\/\/redtamaulipas.com\/sitio\/wp-json\/wp\/v2\/media\/8510"}],"wp:attachment":[{"href":"https:\/\/redtamaulipas.com\/sitio\/wp-json\/wp\/v2\/media?parent=8509"}],"wp:term":[{"taxonomy":"category","embeddable":true,"href":"https:\/\/redtamaulipas.com\/sitio\/wp-json\/wp\/v2\/categories?post=8509"},{"taxonomy":"post_tag","embeddable":true,"href":"https:\/\/redtamaulipas.com\/sitio\/wp-json\/wp\/v2\/tags?post=8509"},{"taxonomy":"author","embeddable":true,"href":"https:\/\/redtamaulipas.com\/sitio\/wp-json\/wp\/v2\/ppma_author?post=8509"}],"curies":[{"name":"wp","href":"https:\/\/api.w.org\/{rel}","templated":true}]}}