{"id":8503,"date":"2026-09-03T16:20:01","date_gmt":"2026-09-03T14:20:01","guid":{"rendered":"https:\/\/redtamaulipas.com\/sitio\/?p=8503"},"modified":"2026-09-03T16:20:04","modified_gmt":"2026-09-03T14:20:04","slug":"%f0%9f%9a%a8-vinculan-por-segunda-ocasion-a-estrellita-m-por-violencia-contra-otra-adolescente-en-ciudad-madero","status":"publish","type":"post","link":"https:\/\/redtamaulipas.com\/sitio\/%f0%9f%9a%a8-vinculan-por-segunda-ocasion-a-estrellita-m-por-violencia-contra-otra-adolescente-en-ciudad-madero\/","title":{"rendered":"\ud83d\udea8 Vinculan por segunda ocasi\u00f3n a Estrellita \u201cM\u201d por violencia contra otra adolescente en Ciudad Madero"},"content":{"rendered":"\n<p class=\"wp-block-paragraph\">Miriam Vallejano\/ Red Tamaulipas<\/p>\n\n\n\n<p class=\"wp-block-paragraph\">Tampico, Tamaulipas.\u2013 Estrellita \u201cM\u201d fue vinculada a proceso por segunda ocasi\u00f3n por el delito de Violencia Familiar Equiparada, tras ser se\u00f1alada por presuntamente ejercer actos de violencia contra otra adolescente al interior de una instituci\u00f3n educativa privada en Ciudad Madero.<\/p>\n\n\n\n<p class=\"wp-block-paragraph\">Con esta resoluci\u00f3n, suman dos \u00f3rdenes de aprehensi\u00f3n y dos vinculaciones a proceso en su contra, relacionadas con hechos de violencia contra adolescentes.<\/p>\n\n\n\n<p class=\"wp-block-paragraph\">Un Juez de Control determin\u00f3 imponerle prisi\u00f3n preventiva justificada y fij\u00f3 un plazo de cuatro meses para la investigaci\u00f3n complementaria.<\/p>\n\n\n\n<p class=\"wp-block-paragraph\">La Fiscal\u00eda Especializada en la Investigaci\u00f3n de Delitos contra Ni\u00f1as, Ni\u00f1os y Adolescentes y Delitos contra las Mujeres por Razones de G\u00e9nero (FENNAM) present\u00f3 los datos de prueba que sustentaron la imputaci\u00f3n.<\/p>\n\n    <div class=\"xs_social_share_widget xs_share_url after_content \t\tmain_content  wslu-style-1 wslu-share-box-shaped wslu-fill-colored wslu-none wslu-share-horizontal wslu-theme-font-no wslu-main_content\">\n\n\t\t\n        <ul>\n\t\t\t        <\/ul>\n    <\/div> \n","protected":false},"excerpt":{"rendered":"<p>Miriam Vallejano\/ Red Tamaulipas Tampico, Tamaulipas.\u2013 Estrellita \u201cM\u201d fue vinculada a proceso por segunda ocasi\u00f3n por el delito de Violencia Familiar Equiparada, tras ser se\u00f1alada por presuntamente ejercer actos de violencia contra otra adolescente al interior de una instituci\u00f3n educativa privada en Ciudad Madero. Con esta resoluci\u00f3n, suman dos \u00f3rdenes de aprehensi\u00f3n y dos vinculaciones&#8230;<\/p>\n","protected":false},"author":2,"featured_media":8504,"comment_status":"open","ping_status":"open","sticky":false,"template":"","format":"standard","meta":{"_monsterinsights_skip_tracking":false,"footnotes":""},"categories":[35],"tags":[],"ppma_author":[45],"class_list":["post-8503","post","type-post","status-publish","format-standard","has-post-thumbnail","hentry","category-estado"],"aioseo_notices":[],"authors":[{"term_id":45,"user_id":2,"is_guest":0,"slug":"redmujerestamyahoo-es","display_name":"Dora De La Cruz","avatar_url":"https:\/\/secure.gravatar.com\/avatar\/5d289d7424cd23c853caf9927561fe540441ff1d3d30ead633ab94d5b8853ba3?s=96&d=mm&r=g","author_category":"","first_name":"Dora De La Cruz","last_name":"","user_url":"","job_title":"","description":""}],"_links":{"self":[{"href":"https:\/\/redtamaulipas.com\/sitio\/wp-json\/wp\/v2\/posts\/8503","targetHints":{"allow":["GET"]}}],"collection":[{"href":"https:\/\/redtamaulipas.com\/sitio\/wp-json\/wp\/v2\/posts"}],"about":[{"href":"https:\/\/redtamaulipas.com\/sitio\/wp-json\/wp\/v2\/types\/post"}],"author":[{"embeddable":true,"href":"https:\/\/redtamaulipas.com\/sitio\/wp-json\/wp\/v2\/users\/2"}],"replies":[{"embeddable":true,"href":"https:\/\/redtamaulipas.com\/sitio\/wp-json\/wp\/v2\/comments?post=8503"}],"version-history":[{"count":1,"href":"https:\/\/redtamaulipas.com\/sitio\/wp-json\/wp\/v2\/posts\/8503\/revisions"}],"predecessor-version":[{"id":8505,"href":"https:\/\/redtamaulipas.com\/sitio\/wp-json\/wp\/v2\/posts\/8503\/revisions\/8505"}],"wp:featuredmedia":[{"embeddable":true,"href":"https:\/\/redtamaulipas.com\/sitio\/wp-json\/wp\/v2\/media\/8504"}],"wp:attachment":[{"href":"https:\/\/redtamaulipas.com\/sitio\/wp-json\/wp\/v2\/media?parent=8503"}],"wp:term":[{"taxonomy":"category","embeddable":true,"href":"https:\/\/redtamaulipas.com\/sitio\/wp-json\/wp\/v2\/categories?post=8503"},{"taxonomy":"post_tag","embeddable":true,"href":"https:\/\/redtamaulipas.com\/sitio\/wp-json\/wp\/v2\/tags?post=8503"},{"taxonomy":"author","embeddable":true,"href":"https:\/\/redtamaulipas.com\/sitio\/wp-json\/wp\/v2\/ppma_author?post=8503"}],"curies":[{"name":"wp","href":"https:\/\/api.w.org\/{rel}","templated":true}]}}