{"id":8500,"date":"2026-09-03T06:28:44","date_gmt":"2026-09-03T04:28:44","guid":{"rendered":"https:\/\/redtamaulipas.com\/sitio\/?p=8500"},"modified":"2026-09-03T06:28:45","modified_gmt":"2026-09-03T04:28:45","slug":"segundo-informe-de-la-presidenta-claudia-sheinbaum-confirma-grandes-proyectos-y-oportunidades-para-tamaulipas-americo-villarreal","status":"publish","type":"post","link":"https:\/\/redtamaulipas.com\/sitio\/segundo-informe-de-la-presidenta-claudia-sheinbaum-confirma-grandes-proyectos-y-oportunidades-para-tamaulipas-americo-villarreal\/","title":{"rendered":"Segundo Informe de la presidenta Claudia Sheinbaum confirma grandes proyectos y oportunidades para Tamaulipas: Am\u00e9rico Villarreal"},"content":{"rendered":"\n<p class=\"wp-block-paragraph\">Ciudad de M\u00e9xico. \u2014 Al t\u00e9rmino del Segundo Informe de Gobierno de la presidenta Claudia Sheinbaum Pardo, el gobernador Am\u00e9rico Villarreal Anaya destac\u00f3 los avances alcanzados durante los primeros dos a\u00f1os de la administraci\u00f3n federal y afirm\u00f3 que Tamaulipas est\u00e1 incorporado a grandes proyectos nacionales de infraestructura y desarrollo que abren nuevas oportunidades para la entidad.<\/p>\n\n\n\n<p class=\"wp-block-paragraph\">Desde los jardines de Palacio Nacional, luego de participar la v\u00edspera en la ceremonia encabezada por la P<br>presidenta de M\u00e9xico, el gobernador Villarreal Anaya subray\u00f3 la importancia que Tamaulipas tiene dentro de los proyectos estrat\u00e9gicos del Gobierno de la Rep\u00fablica.<\/p>\n\n\n\n<p class=\"wp-block-paragraph\">\u201cConstatamos los grandes avances en estos dos a\u00f1os de su administraci\u00f3n, pero tambi\u00e9n c\u00f3mo nuestra entidad est\u00e1 incorporada en grandes proyectos de infraestructura y de oportunidades de desarrollo que tiene para nuestra entidad en este gran crecimiento que est\u00e1 teniendo nuestro pa\u00eds\u201d, expres\u00f3.<\/p>\n\n\n\n<p class=\"wp-block-paragraph\">El mandatario tamaulipeco subray\u00f3 que estos proyectos forman parte del crecimiento que registra el pa\u00eds y representan nuevas posibilidades para fortalecer el desarrollo econ\u00f3mico y mejorar las condiciones de bienestar de las familias tamaulipecas.<\/p>\n\n\n\n<p class=\"wp-block-paragraph\">La coordinaci\u00f3n entre los gobiernos de Claudia Sheinbaum y Am\u00e9rico Villarreal se refleja en proyectos carreteros, ferroviarios, hidr\u00e1ulicos, energ\u00e9ticos, portuarios, de salud y bienestar social que se encuentran en desarrollo en distintas regiones de Tamaulipas.<\/p>\n\n\n\n<p class=\"wp-block-paragraph\">En materia carretera, el Gobierno Federal atiende m\u00e1s de mil 700 kil\u00f3metros de carreteras federales en el estado y durante este a\u00f1o se adicionaron 2 mil millones de pesos para su rehabilitaci\u00f3n, adem\u00e1s de las acciones que realiza el Gobierno de Tamaulipas en la red estatal y el nuevo esquema para recuperar caminos rurales y terciarios.<\/p>\n\n\n\n<p class=\"wp-block-paragraph\">La presidenta Shienbaum destac\u00f3 en su mensaje el impulso al Corredor del Golfo de M\u00e9xico y ampliaci\u00f3n de Tampico a Reynosa pasando por Ciudad Victoria.<\/p>\n\n\n\n<p class=\"wp-block-paragraph\">Uno de los rubros con mayor inversi\u00f3n es el agua. Durante los primeros dos a\u00f1os de la administraci\u00f3n de Sheinbaum se han destinado cerca de 7 mil 500 millones de pesos a infraestructura hidr\u00e1ulica en Tamaulipas.<\/p>\n\n\n\n<p class=\"wp-block-paragraph\">Entre los proyectos destacan la tecnificaci\u00f3n de los distritos de riego 025 y 026, que abarcan 300 mil hect\u00e1reas y beneficiar\u00e1n a m\u00e1s de 5 mil agricultores, as\u00ed como la segunda l\u00ednea del acueducto de Ciudad Victoria, una obra largamente esperada para garantizar el abasto y fortalecer las posibilidades de desarrollo de la capital.<\/p>\n\n\n\n<p class=\"wp-block-paragraph\">Tamaulipas concentra m\u00e1s de 19 cruces internacionales y constituye uno de los principales corredores del intercambio comercial entre M\u00e9xico y Estados Unidos, condici\u00f3n que fortalece con nuevos proyectos ferroviarios, aduaneros, carreteros y portuarios.<\/p>\n\n\n\n<p class=\"wp-block-paragraph\">A ello se suman proyectos como el tren de pasajeros hacia Nuevo Laredo, la modernizaci\u00f3n de la infraestructura aduanera y el fortalecimiento de los puentes internacionales, adem\u00e1s del desarrollo portuario en Matamoros, obras que Villarreal Anaya ha considerado estrat\u00e9gicas no solamente para Tamaulipas, sino para la econom\u00eda nacional.<\/p>\n\n\n\n<p class=\"wp-block-paragraph\">En bienestar, m\u00e1s de 19 programas federales representan una derrama superior a 24 mil 500 millones de pesos anuales en la entidad. Estos recursos se traducen en pensiones para adultos mayores, becas, apoyos educativos y otros programas dirigidos directamente a las familias.<\/p>\n\n\n\n<p class=\"wp-block-paragraph\">En el sector energ\u00e9tico, Tamaulipas registra una cobertura el\u00e9ctrica de 99.9 por ciento y avanza en nuevos proyectos de generaci\u00f3n.<\/p>\n\n\n\n<p class=\"wp-block-paragraph\">Villarreal inform\u00f3 recientemente que se han autorizado cerca de ocho nuevos parques e\u00f3licos y uno fotovoltaico, adem\u00e1s de que cinco municipios cuentan ya con una nueva clasificaci\u00f3n de tarifa el\u00e9ctrica de verano y otros 10 se encuentran en proceso ante la Comisi\u00f3n Federal de Electricidad.<\/p>\n\n\n\n<p class=\"wp-block-paragraph\">La coordinaci\u00f3n con la Federaci\u00f3n tambi\u00e9n se extiende a salud y seguridad. Tamaulipas ocup\u00f3 durante 2023, 2024 y 2025 el primer lugar nacional en procedimientos quir\u00fargicos realizados con apoyo de la Beneficencia P\u00fablica, mientras que el trabajo conjunto entre las instituciones federales y estatales ha permitido, de acuerdo con el gobernador, reducir 87 por ciento los homicidios dolosos durante su administraci\u00f3n.<\/p>\n\n\n\n<p class=\"wp-block-paragraph\">Villarreal Anaya ha se\u00f1alado que el prop\u00f3sito de estos proyectos y cifras es que sus resultados sean percibidos directamente por la poblaci\u00f3n.<\/p>\n\n\n\n<p class=\"wp-block-paragraph\">\u201cLo que a veces decimos en cifras, decimos en proyectos, a veces decimos en planes, lo tiene que ver y lo tiene que vivir la ciudadan\u00eda en su actividad diaria, en su actividad dom\u00e9stica\u201d, afirm\u00f3 recientemente.<\/p>\n\n\n\n<p class=\"wp-block-paragraph\">Al concluir el Segundo Informe de Gobierno, el gobernador celebr\u00f3 los resultados presentados por Claudia Sheinbaum y refrend\u00f3 la importancia de mantener el trabajo conjunto para aprovechar las oportunidades que se abren para Tamaulipas dentro del desarrollo nacional.<\/p>\n\n\n\n<p class=\"wp-block-paragraph\">\u201cEnhorabuena\u201d, expres\u00f3 Villarreal Anaya tras salir de Palacio Nacional.<\/p>\n\n    <div class=\"xs_social_share_widget xs_share_url after_content \t\tmain_content  wslu-style-1 wslu-share-box-shaped wslu-fill-colored wslu-none wslu-share-horizontal wslu-theme-font-no wslu-main_content\">\n\n\t\t\n        <ul>\n\t\t\t        <\/ul>\n    <\/div> \n","protected":false},"excerpt":{"rendered":"<p>Ciudad de M\u00e9xico. \u2014 Al t\u00e9rmino del Segundo Informe de Gobierno de la presidenta Claudia Sheinbaum Pardo, el gobernador Am\u00e9rico Villarreal Anaya destac\u00f3 los avances alcanzados durante los primeros dos a\u00f1os de la administraci\u00f3n federal y afirm\u00f3 que Tamaulipas est\u00e1 incorporado a grandes proyectos nacionales de infraestructura y desarrollo que abren nuevas oportunidades para la&#8230;<\/p>\n","protected":false},"author":2,"featured_media":8501,"comment_status":"open","ping_status":"open","sticky":false,"template":"","format":"standard","meta":{"_monsterinsights_skip_tracking":false,"footnotes":""},"categories":[35],"tags":[],"ppma_author":[45],"class_list":["post-8500","post","type-post","status-publish","format-standard","has-post-thumbnail","hentry","category-estado"],"aioseo_notices":[],"authors":[{"term_id":45,"user_id":2,"is_guest":0,"slug":"redmujerestamyahoo-es","display_name":"Dora De La Cruz","avatar_url":"https:\/\/secure.gravatar.com\/avatar\/5d289d7424cd23c853caf9927561fe540441ff1d3d30ead633ab94d5b8853ba3?s=96&d=mm&r=g","author_category":"","first_name":"Dora De La Cruz","last_name":"","user_url":"","job_title":"","description":""}],"_links":{"self":[{"href":"https:\/\/redtamaulipas.com\/sitio\/wp-json\/wp\/v2\/posts\/8500","targetHints":{"allow":["GET"]}}],"collection":[{"href":"https:\/\/redtamaulipas.com\/sitio\/wp-json\/wp\/v2\/posts"}],"about":[{"href":"https:\/\/redtamaulipas.com\/sitio\/wp-json\/wp\/v2\/types\/post"}],"author":[{"embeddable":true,"href":"https:\/\/redtamaulipas.com\/sitio\/wp-json\/wp\/v2\/users\/2"}],"replies":[{"embeddable":true,"href":"https:\/\/redtamaulipas.com\/sitio\/wp-json\/wp\/v2\/comments?post=8500"}],"version-history":[{"count":1,"href":"https:\/\/redtamaulipas.com\/sitio\/wp-json\/wp\/v2\/posts\/8500\/revisions"}],"predecessor-version":[{"id":8502,"href":"https:\/\/redtamaulipas.com\/sitio\/wp-json\/wp\/v2\/posts\/8500\/revisions\/8502"}],"wp:featuredmedia":[{"embeddable":true,"href":"https:\/\/redtamaulipas.com\/sitio\/wp-json\/wp\/v2\/media\/8501"}],"wp:attachment":[{"href":"https:\/\/redtamaulipas.com\/sitio\/wp-json\/wp\/v2\/media?parent=8500"}],"wp:term":[{"taxonomy":"category","embeddable":true,"href":"https:\/\/redtamaulipas.com\/sitio\/wp-json\/wp\/v2\/categories?post=8500"},{"taxonomy":"post_tag","embeddable":true,"href":"https:\/\/redtamaulipas.com\/sitio\/wp-json\/wp\/v2\/tags?post=8500"},{"taxonomy":"author","embeddable":true,"href":"https:\/\/redtamaulipas.com\/sitio\/wp-json\/wp\/v2\/ppma_author?post=8500"}],"curies":[{"name":"wp","href":"https:\/\/api.w.org\/{rel}","templated":true}]}}