{"id":8497,"date":"2026-09-03T06:27:44","date_gmt":"2026-09-03T04:27:44","guid":{"rendered":"https:\/\/redtamaulipas.com\/sitio\/?p=8497"},"modified":"2026-09-03T06:27:46","modified_gmt":"2026-09-03T04:27:46","slug":"ultiman-detalles-en-correcaminos-para-el-inicio-de-temporada-en-la-tdp","status":"publish","type":"post","link":"https:\/\/redtamaulipas.com\/sitio\/ultiman-detalles-en-correcaminos-para-el-inicio-de-temporada-en-la-tdp\/","title":{"rendered":"Ultiman detalles en Correcaminos para el inicio de temporada en la TDP"},"content":{"rendered":"\n<p class=\"wp-block-paragraph\">Cd. Victoria, Tamaulipas.- Con el calendario establecido de la nueva Temporada 2026-2027 de la Liga TDP, el equipo juvenil de Correcaminos de la Universidad Aut\u00f3noma de Tamaulipas, contin\u00faa con su preparaci\u00f3n de cara a su debut dentro de la Jornada 2.<\/p>\n\n\n\n<p class=\"wp-block-paragraph\">El cuadro azulnaranja al frente del director t\u00e9cnico Edgar Barr\u00f3n junto a sus cuerpo t\u00e9cnico, se muestran optimistas ante el arranque del torneo, en calidad de local cuando reciban al CF Cadereyta el pr\u00f3ximo viernes 11 de septiembre en punto de las 10:00 horas, en el Estadio Universitario Profesor Eugenio Alvizo Porras.<\/p>\n\n\n\n<p class=\"wp-block-paragraph\">Con pr\u00e1cticamente tres meses de trabajo de pretemporada, el equipo juvenil ha podido conjuntarse de la mejor forma f\u00edsica y futbol\u00edstica durante todo este tiempo, en el cual tambi\u00e9n realizaron diferentes partidos de preparaci\u00f3n de corte amistoso en los cuales, adem\u00e1s de haberlos ganado, lograron establecer el estilo que pretende plasmar el estratega victorense Edgar Barr\u00f3n durante el torneo.<\/p>\n\n\n\n<p class=\"wp-block-paragraph\">Cabe destacar que el equipo Correcaminos de la UAT debutar\u00e1 hasta la jornada 2, debido al descanso obligatorio que le asignaron en la jornada 1, la cual se estar\u00e1 celebrando este fin de semana con el resto de los equipos que conforman la zona, en la que se ubica el conjunto universitario.<\/p>\n\n    <div class=\"xs_social_share_widget xs_share_url after_content \t\tmain_content  wslu-style-1 wslu-share-box-shaped wslu-fill-colored wslu-none wslu-share-horizontal wslu-theme-font-no wslu-main_content\">\n\n\t\t\n        <ul>\n\t\t\t        <\/ul>\n    <\/div> \n","protected":false},"excerpt":{"rendered":"<p>Cd. Victoria, Tamaulipas.- Con el calendario establecido de la nueva Temporada 2026-2027 de la Liga TDP, el equipo juvenil de Correcaminos de la Universidad Aut\u00f3noma de Tamaulipas, contin\u00faa con su preparaci\u00f3n de cara a su debut dentro de la Jornada 2. El cuadro azulnaranja al frente del director t\u00e9cnico Edgar Barr\u00f3n junto a sus cuerpo&#8230;<\/p>\n","protected":false},"author":2,"featured_media":8498,"comment_status":"open","ping_status":"open","sticky":false,"template":"","format":"standard","meta":{"_monsterinsights_skip_tracking":false,"footnotes":""},"categories":[24],"tags":[],"ppma_author":[45],"class_list":["post-8497","post","type-post","status-publish","format-standard","has-post-thumbnail","hentry","category-deporte"],"aioseo_notices":[],"authors":[{"term_id":45,"user_id":2,"is_guest":0,"slug":"redmujerestamyahoo-es","display_name":"Dora De La Cruz","avatar_url":"https:\/\/secure.gravatar.com\/avatar\/5d289d7424cd23c853caf9927561fe540441ff1d3d30ead633ab94d5b8853ba3?s=96&d=mm&r=g","author_category":"","first_name":"Dora De La Cruz","last_name":"","user_url":"","job_title":"","description":""}],"_links":{"self":[{"href":"https:\/\/redtamaulipas.com\/sitio\/wp-json\/wp\/v2\/posts\/8497","targetHints":{"allow":["GET"]}}],"collection":[{"href":"https:\/\/redtamaulipas.com\/sitio\/wp-json\/wp\/v2\/posts"}],"about":[{"href":"https:\/\/redtamaulipas.com\/sitio\/wp-json\/wp\/v2\/types\/post"}],"author":[{"embeddable":true,"href":"https:\/\/redtamaulipas.com\/sitio\/wp-json\/wp\/v2\/users\/2"}],"replies":[{"embeddable":true,"href":"https:\/\/redtamaulipas.com\/sitio\/wp-json\/wp\/v2\/comments?post=8497"}],"version-history":[{"count":1,"href":"https:\/\/redtamaulipas.com\/sitio\/wp-json\/wp\/v2\/posts\/8497\/revisions"}],"predecessor-version":[{"id":8499,"href":"https:\/\/redtamaulipas.com\/sitio\/wp-json\/wp\/v2\/posts\/8497\/revisions\/8499"}],"wp:featuredmedia":[{"embeddable":true,"href":"https:\/\/redtamaulipas.com\/sitio\/wp-json\/wp\/v2\/media\/8498"}],"wp:attachment":[{"href":"https:\/\/redtamaulipas.com\/sitio\/wp-json\/wp\/v2\/media?parent=8497"}],"wp:term":[{"taxonomy":"category","embeddable":true,"href":"https:\/\/redtamaulipas.com\/sitio\/wp-json\/wp\/v2\/categories?post=8497"},{"taxonomy":"post_tag","embeddable":true,"href":"https:\/\/redtamaulipas.com\/sitio\/wp-json\/wp\/v2\/tags?post=8497"},{"taxonomy":"author","embeddable":true,"href":"https:\/\/redtamaulipas.com\/sitio\/wp-json\/wp\/v2\/ppma_author?post=8497"}],"curies":[{"name":"wp","href":"https:\/\/api.w.org\/{rel}","templated":true}]}}