{"id":8494,"date":"2026-09-03T06:26:37","date_gmt":"2026-09-03T04:26:37","guid":{"rendered":"https:\/\/redtamaulipas.com\/sitio\/?p=8494"},"modified":"2026-09-03T06:26:39","modified_gmt":"2026-09-03T04:26:39","slug":"fortalece-tamaulipas-su-politica-para-las-mujeres-con-la-creacion-de-la-secretaria-de-las-mujeres","status":"publish","type":"post","link":"https:\/\/redtamaulipas.com\/sitio\/fortalece-tamaulipas-su-politica-para-las-mujeres-con-la-creacion-de-la-secretaria-de-las-mujeres\/","title":{"rendered":"Fortalece Tamaulipas su pol\u00edtica para las mujeres con la creaci\u00f3n de la Secretar\u00eda de las Mujeres"},"content":{"rendered":"\n<p class=\"wp-block-paragraph\">Ciudad Victoria, Tamaulipas.- Tamaulipas da un paso m\u00e1s para fortalecer las pol\u00edticas p\u00fablicas dirigidas a las mujeres con la creaci\u00f3n de la Secretar\u00eda de las Mujeres. Esta iniciativa, impulsada por el gobernador Am\u00e9rico Villarreal Anaya, entrar\u00e1 en funciones este 3 de septiembre, inform\u00f3 Marcia Benavides, titular de la Secretar\u00eda de las Mujeres en Tamaulipas.<\/p>\n\n\n\n<p class=\"wp-block-paragraph\">Destac\u00f3 que este cambio permitir\u00e1 contar con una instituci\u00f3n con mayor capacidad de coordinaci\u00f3n dentro del gobierno y mayor presencia en el territorio, para fortalecer el trabajo que ya se desarrolla cerca de las mujeres.<\/p>\n\n\n\n<p class=\"wp-block-paragraph\">La secretar\u00eda tendr\u00e1 entre sus principales tareas impulsar la igualdad sustantiva entre mujeres y hombres, as\u00ed como promover la prevenci\u00f3n y atenci\u00f3n integral de las violencias contra las mujeres.<\/p>\n\n\n\n<p class=\"wp-block-paragraph\">Asimismo, contribuir\u00e1 a dar mayor alcance a las pol\u00edticas p\u00fablicas con perspectiva de g\u00e9nero, programas y acciones que atiendan las necesidades de las mujeres en cada regi\u00f3n de Tamaulipas, agreg\u00f3.<\/p>\n\n\n\n<p class=\"wp-block-paragraph\">Precis\u00f3 que este proceso responde al marco jur\u00eddico nacional e internacional que reconoce los derechos de las mujeres y establece la responsabilidad de los gobiernos de promover la igualdad y garantizar una vida libre de violencias.<\/p>\n\n\n\n<p class=\"wp-block-paragraph\">Finalmente, Benavides Villafranca destac\u00f3 que, con esta transformaci\u00f3n, el Gobierno de Tamaulipas refrenda su compromiso de seguir trabajando por la igualdad, proteger los derechos de las mujeres y contribuir a una vida libre de violencias.<\/p>\n\n    <div class=\"xs_social_share_widget xs_share_url after_content \t\tmain_content  wslu-style-1 wslu-share-box-shaped wslu-fill-colored wslu-none wslu-share-horizontal wslu-theme-font-no wslu-main_content\">\n\n\t\t\n        <ul>\n\t\t\t        <\/ul>\n    <\/div> \n","protected":false},"excerpt":{"rendered":"<p>Ciudad Victoria, Tamaulipas.- Tamaulipas da un paso m\u00e1s para fortalecer las pol\u00edticas p\u00fablicas dirigidas a las mujeres con la creaci\u00f3n de la Secretar\u00eda de las Mujeres. Esta iniciativa, impulsada por el gobernador Am\u00e9rico Villarreal Anaya, entrar\u00e1 en funciones este 3 de septiembre, inform\u00f3 Marcia Benavides, titular de la Secretar\u00eda de las Mujeres en Tamaulipas. Destac\u00f3&#8230;<\/p>\n","protected":false},"author":2,"featured_media":8495,"comment_status":"open","ping_status":"open","sticky":false,"template":"","format":"standard","meta":{"_monsterinsights_skip_tracking":false,"footnotes":""},"categories":[35],"tags":[],"ppma_author":[45],"class_list":["post-8494","post","type-post","status-publish","format-standard","has-post-thumbnail","hentry","category-estado"],"aioseo_notices":[],"authors":[{"term_id":45,"user_id":2,"is_guest":0,"slug":"redmujerestamyahoo-es","display_name":"Dora De La Cruz","avatar_url":"https:\/\/secure.gravatar.com\/avatar\/5d289d7424cd23c853caf9927561fe540441ff1d3d30ead633ab94d5b8853ba3?s=96&d=mm&r=g","author_category":"","first_name":"Dora De La Cruz","last_name":"","user_url":"","job_title":"","description":""}],"_links":{"self":[{"href":"https:\/\/redtamaulipas.com\/sitio\/wp-json\/wp\/v2\/posts\/8494","targetHints":{"allow":["GET"]}}],"collection":[{"href":"https:\/\/redtamaulipas.com\/sitio\/wp-json\/wp\/v2\/posts"}],"about":[{"href":"https:\/\/redtamaulipas.com\/sitio\/wp-json\/wp\/v2\/types\/post"}],"author":[{"embeddable":true,"href":"https:\/\/redtamaulipas.com\/sitio\/wp-json\/wp\/v2\/users\/2"}],"replies":[{"embeddable":true,"href":"https:\/\/redtamaulipas.com\/sitio\/wp-json\/wp\/v2\/comments?post=8494"}],"version-history":[{"count":1,"href":"https:\/\/redtamaulipas.com\/sitio\/wp-json\/wp\/v2\/posts\/8494\/revisions"}],"predecessor-version":[{"id":8496,"href":"https:\/\/redtamaulipas.com\/sitio\/wp-json\/wp\/v2\/posts\/8494\/revisions\/8496"}],"wp:featuredmedia":[{"embeddable":true,"href":"https:\/\/redtamaulipas.com\/sitio\/wp-json\/wp\/v2\/media\/8495"}],"wp:attachment":[{"href":"https:\/\/redtamaulipas.com\/sitio\/wp-json\/wp\/v2\/media?parent=8494"}],"wp:term":[{"taxonomy":"category","embeddable":true,"href":"https:\/\/redtamaulipas.com\/sitio\/wp-json\/wp\/v2\/categories?post=8494"},{"taxonomy":"post_tag","embeddable":true,"href":"https:\/\/redtamaulipas.com\/sitio\/wp-json\/wp\/v2\/tags?post=8494"},{"taxonomy":"author","embeddable":true,"href":"https:\/\/redtamaulipas.com\/sitio\/wp-json\/wp\/v2\/ppma_author?post=8494"}],"curies":[{"name":"wp","href":"https:\/\/api.w.org\/{rel}","templated":true}]}}