{"id":8488,"date":"2026-09-03T06:24:07","date_gmt":"2026-09-03T04:24:07","guid":{"rendered":"https:\/\/redtamaulipas.com\/sitio\/?p=8488"},"modified":"2026-09-03T06:24:09","modified_gmt":"2026-09-03T04:24:09","slug":"%f0%9f%94%b4tamaulipas-respalda-a-2-mil-200-menores-con-doble-nacionalidad","status":"publish","type":"post","link":"https:\/\/redtamaulipas.com\/sitio\/%f0%9f%94%b4tamaulipas-respalda-a-2-mil-200-menores-con-doble-nacionalidad\/","title":{"rendered":"\ud83d\udd34Tamaulipas respalda a 2 mil 200 menores con doble nacionalidad"},"content":{"rendered":"\n<p class=\"wp-block-paragraph\">Ciudad Victoria, Tamaulipas.\u2013 Al menos 2 mil 200 ni\u00f1as y ni\u00f1os tamaulipecos ya cuentan con su registro de doble nacionalidad, mientras que otros mil 200 tr\u00e1mites permanecen en proceso, inform\u00f3 la diputada Blanca Anzald\u00faa.<br>La legisladora, integrante de la Comisi\u00f3n de Migraci\u00f3n del Congreso de Tamaulipas, destac\u00f3 que estas acciones buscan garantizar identidad, certeza jur\u00eddica y acceso a derechos para menores nacidos en Estados Unidos, pero con v\u00ednculos familiares en Tamaulipas.<br>Los avances fueron abordados durante una reuni\u00f3n de trabajo con Juan Jos\u00e9 Rodr\u00edguez Alvarado, director general del Instituto Tamaulipeco para los Migrantes (ITM), donde se revisaron las estrategias de atenci\u00f3n para las familias tamaulipecas que viven entre ambos pa\u00edses.<\/p>\n\n    <div class=\"xs_social_share_widget xs_share_url after_content \t\tmain_content  wslu-style-1 wslu-share-box-shaped wslu-fill-colored wslu-none wslu-share-horizontal wslu-theme-font-no wslu-main_content\">\n\n\t\t\n        <ul>\n\t\t\t        <\/ul>\n    <\/div> \n","protected":false},"excerpt":{"rendered":"<p>Ciudad Victoria, Tamaulipas.\u2013 Al menos 2 mil 200 ni\u00f1as y ni\u00f1os tamaulipecos ya cuentan con su registro de doble nacionalidad, mientras que otros mil 200 tr\u00e1mites permanecen en proceso, inform\u00f3 la diputada Blanca Anzald\u00faa.La legisladora, integrante de la Comisi\u00f3n de Migraci\u00f3n del Congreso de Tamaulipas, destac\u00f3 que estas acciones buscan garantizar identidad, certeza jur\u00eddica y&#8230;<\/p>\n","protected":false},"author":2,"featured_media":8489,"comment_status":"open","ping_status":"open","sticky":false,"template":"","format":"standard","meta":{"_monsterinsights_skip_tracking":false,"footnotes":""},"categories":[35],"tags":[],"ppma_author":[45],"class_list":["post-8488","post","type-post","status-publish","format-standard","has-post-thumbnail","hentry","category-estado"],"aioseo_notices":[],"authors":[{"term_id":45,"user_id":2,"is_guest":0,"slug":"redmujerestamyahoo-es","display_name":"Dora De La Cruz","avatar_url":"https:\/\/secure.gravatar.com\/avatar\/5d289d7424cd23c853caf9927561fe540441ff1d3d30ead633ab94d5b8853ba3?s=96&d=mm&r=g","author_category":"","first_name":"Dora De La Cruz","last_name":"","user_url":"","job_title":"","description":""}],"_links":{"self":[{"href":"https:\/\/redtamaulipas.com\/sitio\/wp-json\/wp\/v2\/posts\/8488","targetHints":{"allow":["GET"]}}],"collection":[{"href":"https:\/\/redtamaulipas.com\/sitio\/wp-json\/wp\/v2\/posts"}],"about":[{"href":"https:\/\/redtamaulipas.com\/sitio\/wp-json\/wp\/v2\/types\/post"}],"author":[{"embeddable":true,"href":"https:\/\/redtamaulipas.com\/sitio\/wp-json\/wp\/v2\/users\/2"}],"replies":[{"embeddable":true,"href":"https:\/\/redtamaulipas.com\/sitio\/wp-json\/wp\/v2\/comments?post=8488"}],"version-history":[{"count":1,"href":"https:\/\/redtamaulipas.com\/sitio\/wp-json\/wp\/v2\/posts\/8488\/revisions"}],"predecessor-version":[{"id":8490,"href":"https:\/\/redtamaulipas.com\/sitio\/wp-json\/wp\/v2\/posts\/8488\/revisions\/8490"}],"wp:featuredmedia":[{"embeddable":true,"href":"https:\/\/redtamaulipas.com\/sitio\/wp-json\/wp\/v2\/media\/8489"}],"wp:attachment":[{"href":"https:\/\/redtamaulipas.com\/sitio\/wp-json\/wp\/v2\/media?parent=8488"}],"wp:term":[{"taxonomy":"category","embeddable":true,"href":"https:\/\/redtamaulipas.com\/sitio\/wp-json\/wp\/v2\/categories?post=8488"},{"taxonomy":"post_tag","embeddable":true,"href":"https:\/\/redtamaulipas.com\/sitio\/wp-json\/wp\/v2\/tags?post=8488"},{"taxonomy":"author","embeddable":true,"href":"https:\/\/redtamaulipas.com\/sitio\/wp-json\/wp\/v2\/ppma_author?post=8488"}],"curies":[{"name":"wp","href":"https:\/\/api.w.org\/{rel}","templated":true}]}}