{"id":8479,"date":"2026-09-03T06:20:11","date_gmt":"2026-09-03T04:20:11","guid":{"rendered":"https:\/\/redtamaulipas.com\/sitio\/?p=8479"},"modified":"2026-09-03T06:20:13","modified_gmt":"2026-09-03T04:20:13","slug":"%f0%9f%94%b4a-prision-y-bajo-proceso-el-comandante-mora","status":"publish","type":"post","link":"https:\/\/redtamaulipas.com\/sitio\/%f0%9f%94%b4a-prision-y-bajo-proceso-el-comandante-mora\/","title":{"rendered":"\ud83d\udd34\u00a1A prisi\u00f3n y bajo proceso el comandante Mora!"},"content":{"rendered":"\n<p class=\"wp-block-paragraph\">Miriam Vallejano\/ Red Tamaulipas<\/p>\n\n\n\n<p class=\"wp-block-paragraph\">Altamira, Tamaulipas.\u2013 Despu\u00e9s de casi cuatro horas de audiencia, un juez determin\u00f3 vincular a proceso a Juan Jes\u00fas \u201cN\u201d por el delito de violaci\u00f3n agravada en contra de una menor de edad.<br>La resoluci\u00f3n, sin embargo, no dej\u00f3 conforme a la parte afectada, cuya defensa analiza recurrirla mediante una apelaci\u00f3n para buscar que el acusado tambi\u00e9n enfrente proceso por trata de personas.<br>El juez concedi\u00f3 tres meses de investigaci\u00f3n complementaria, periodo que concluir\u00e1 el pr\u00f3ximo 1 de diciembre. Mientras tanto, Juan Jes\u00fas \u201cN\u201d permanecer\u00e1 recluido en el CEDES, sujeto al proceso penal.<br>El abogado de la parte afectada inform\u00f3 que cuentan con tres d\u00edas para decidir si apelar\u00e1n la determinaci\u00f3n relacionada con el delito de trata.<br>El caso se deriva de la denuncia presentada por una estudiante menor de edad y, de acuerdo con la informaci\u00f3n proporcionada, es independiente de la investigaci\u00f3n por el feminicidio de Dafne.<\/p>\n\n    <div class=\"xs_social_share_widget xs_share_url after_content \t\tmain_content  wslu-style-1 wslu-share-box-shaped wslu-fill-colored wslu-none wslu-share-horizontal wslu-theme-font-no wslu-main_content\">\n\n\t\t\n        <ul>\n\t\t\t        <\/ul>\n    <\/div> \n","protected":false},"excerpt":{"rendered":"<p>Miriam Vallejano\/ Red Tamaulipas Altamira, Tamaulipas.\u2013 Despu\u00e9s de casi cuatro horas de audiencia, un juez determin\u00f3 vincular a proceso a Juan Jes\u00fas \u201cN\u201d por el delito de violaci\u00f3n agravada en contra de una menor de edad.La resoluci\u00f3n, sin embargo, no dej\u00f3 conforme a la parte afectada, cuya defensa analiza recurrirla mediante una apelaci\u00f3n para buscar&#8230;<\/p>\n","protected":false},"author":2,"featured_media":8480,"comment_status":"open","ping_status":"open","sticky":false,"template":"","format":"standard","meta":{"_monsterinsights_skip_tracking":false,"footnotes":""},"categories":[27],"tags":[],"ppma_author":[45],"class_list":["post-8479","post","type-post","status-publish","format-standard","has-post-thumbnail","hentry","category-feminicidio"],"aioseo_notices":[],"authors":[{"term_id":45,"user_id":2,"is_guest":0,"slug":"redmujerestamyahoo-es","display_name":"Dora De La Cruz","avatar_url":"https:\/\/secure.gravatar.com\/avatar\/5d289d7424cd23c853caf9927561fe540441ff1d3d30ead633ab94d5b8853ba3?s=96&d=mm&r=g","author_category":"","first_name":"Dora De La Cruz","last_name":"","user_url":"","job_title":"","description":""}],"_links":{"self":[{"href":"https:\/\/redtamaulipas.com\/sitio\/wp-json\/wp\/v2\/posts\/8479","targetHints":{"allow":["GET"]}}],"collection":[{"href":"https:\/\/redtamaulipas.com\/sitio\/wp-json\/wp\/v2\/posts"}],"about":[{"href":"https:\/\/redtamaulipas.com\/sitio\/wp-json\/wp\/v2\/types\/post"}],"author":[{"embeddable":true,"href":"https:\/\/redtamaulipas.com\/sitio\/wp-json\/wp\/v2\/users\/2"}],"replies":[{"embeddable":true,"href":"https:\/\/redtamaulipas.com\/sitio\/wp-json\/wp\/v2\/comments?post=8479"}],"version-history":[{"count":1,"href":"https:\/\/redtamaulipas.com\/sitio\/wp-json\/wp\/v2\/posts\/8479\/revisions"}],"predecessor-version":[{"id":8481,"href":"https:\/\/redtamaulipas.com\/sitio\/wp-json\/wp\/v2\/posts\/8479\/revisions\/8481"}],"wp:featuredmedia":[{"embeddable":true,"href":"https:\/\/redtamaulipas.com\/sitio\/wp-json\/wp\/v2\/media\/8480"}],"wp:attachment":[{"href":"https:\/\/redtamaulipas.com\/sitio\/wp-json\/wp\/v2\/media?parent=8479"}],"wp:term":[{"taxonomy":"category","embeddable":true,"href":"https:\/\/redtamaulipas.com\/sitio\/wp-json\/wp\/v2\/categories?post=8479"},{"taxonomy":"post_tag","embeddable":true,"href":"https:\/\/redtamaulipas.com\/sitio\/wp-json\/wp\/v2\/tags?post=8479"},{"taxonomy":"author","embeddable":true,"href":"https:\/\/redtamaulipas.com\/sitio\/wp-json\/wp\/v2\/ppma_author?post=8479"}],"curies":[{"name":"wp","href":"https:\/\/api.w.org\/{rel}","templated":true}]}}