{"id":8476,"date":"2026-09-02T06:40:17","date_gmt":"2026-09-02T04:40:17","guid":{"rendered":"https:\/\/redtamaulipas.com\/sitio\/?p=8476"},"modified":"2026-09-02T06:40:19","modified_gmt":"2026-09-02T04:40:19","slug":"asistira-americo-a-los-informes-de-las-y-los-alcaldes-de-tamaulipas","status":"publish","type":"post","link":"https:\/\/redtamaulipas.com\/sitio\/asistira-americo-a-los-informes-de-las-y-los-alcaldes-de-tamaulipas\/","title":{"rendered":"Asistir\u00e1 Am\u00e9rico a los informes de las y los alcaldes de Tamaulipas"},"content":{"rendered":"\n<p class=\"wp-block-paragraph\">Ciudad Victoria, Tamaulipas.- A partir de este jueves 3 de septiembre, el gobernador de Tamaulipas, Am\u00e9rico Villarreal Anaya, realizar\u00e1 un recorrido por el estado con el prop\u00f3sito de acompa\u00f1ar a las y los presidentes municipales durante la rendici\u00f3n del segundo informe de gobierno al frente de sus respectivos ayuntamientos.<\/p>\n\n\n\n<p class=\"wp-block-paragraph\">En un hecho in\u00e9dito, luego de varias administraciones, Am\u00e9rico Villarreal ser\u00e1 el primer mandatario estatal que asiste a los informes municipales, iniciando su gira de trabajo el jueves 3 de septiembre en la frontera norte del estado.<\/p>\n\n\n\n<p class=\"wp-block-paragraph\">Al mediod\u00eda, estar\u00e1 presente en el informe de la presidenta municipal de Nueva Ciudad Guerrero, Laura Ver\u00f3nica Pe\u00f1a Mart\u00ednez, y por la tarde asistir\u00e1 al informe de Carmen Lilia Canturosas Villarreal, presidenta municipal de Nuevo Laredo.<\/p>\n\n\n\n<p class=\"wp-block-paragraph\">\u201cCon los ayuntamientos tenemos comunicaci\u00f3n permanente; las y los presidentes municipales han tenido y tienen en mi gobierno el mejor aliado para la consecuci\u00f3n de las leg\u00edtimas aspiraciones de las mujeres y los hombres que habitan los 43 municipios de Tamaulipas\u201d, expres\u00f3 el gobernador al referirse a la relaci\u00f3n que mantiene con alcaldes y alcaldesas y su compromiso por trabajar de manera coordinada para generar acciones que sigan impulsando el desarrollo y bienestar de las y los tamaulipecos.<\/p>\n\n\n\n<p class=\"wp-block-paragraph\">Destac\u00f3 que es en los municipios donde aterrizan los proyectos estrat\u00e9gicos del Gobierno del Estado y su gesti\u00f3n humanista, y se hacen realidad todas las pol\u00edticas p\u00fablicas en favor de las familias tamaulipecas.<\/p>\n\n\n\n<p class=\"wp-block-paragraph\">El recorrido del gobernador continuar\u00e1 hasta los \u00faltimos d\u00edas del mes de septiembre, asistiendo a dos informes diariamente en las diferentes regiones del estado.<\/p>\n\n    <div class=\"xs_social_share_widget xs_share_url after_content \t\tmain_content  wslu-style-1 wslu-share-box-shaped wslu-fill-colored wslu-none wslu-share-horizontal wslu-theme-font-no wslu-main_content\">\n\n\t\t\n        <ul>\n\t\t\t        <\/ul>\n    <\/div> \n","protected":false},"excerpt":{"rendered":"<p>Ciudad Victoria, Tamaulipas.- A partir de este jueves 3 de septiembre, el gobernador de Tamaulipas, Am\u00e9rico Villarreal Anaya, realizar\u00e1 un recorrido por el estado con el prop\u00f3sito de acompa\u00f1ar a las y los presidentes municipales durante la rendici\u00f3n del segundo informe de gobierno al frente de sus respectivos ayuntamientos. En un hecho in\u00e9dito, luego de&#8230;<\/p>\n","protected":false},"author":2,"featured_media":8477,"comment_status":"open","ping_status":"open","sticky":false,"template":"","format":"standard","meta":{"_monsterinsights_skip_tracking":false,"footnotes":""},"categories":[35],"tags":[],"ppma_author":[45],"class_list":["post-8476","post","type-post","status-publish","format-standard","has-post-thumbnail","hentry","category-estado"],"aioseo_notices":[],"authors":[{"term_id":45,"user_id":2,"is_guest":0,"slug":"redmujerestamyahoo-es","display_name":"Dora De La Cruz","avatar_url":"https:\/\/secure.gravatar.com\/avatar\/5d289d7424cd23c853caf9927561fe540441ff1d3d30ead633ab94d5b8853ba3?s=96&d=mm&r=g","author_category":"","first_name":"Dora De La Cruz","last_name":"","user_url":"","job_title":"","description":""}],"_links":{"self":[{"href":"https:\/\/redtamaulipas.com\/sitio\/wp-json\/wp\/v2\/posts\/8476","targetHints":{"allow":["GET"]}}],"collection":[{"href":"https:\/\/redtamaulipas.com\/sitio\/wp-json\/wp\/v2\/posts"}],"about":[{"href":"https:\/\/redtamaulipas.com\/sitio\/wp-json\/wp\/v2\/types\/post"}],"author":[{"embeddable":true,"href":"https:\/\/redtamaulipas.com\/sitio\/wp-json\/wp\/v2\/users\/2"}],"replies":[{"embeddable":true,"href":"https:\/\/redtamaulipas.com\/sitio\/wp-json\/wp\/v2\/comments?post=8476"}],"version-history":[{"count":1,"href":"https:\/\/redtamaulipas.com\/sitio\/wp-json\/wp\/v2\/posts\/8476\/revisions"}],"predecessor-version":[{"id":8478,"href":"https:\/\/redtamaulipas.com\/sitio\/wp-json\/wp\/v2\/posts\/8476\/revisions\/8478"}],"wp:featuredmedia":[{"embeddable":true,"href":"https:\/\/redtamaulipas.com\/sitio\/wp-json\/wp\/v2\/media\/8477"}],"wp:attachment":[{"href":"https:\/\/redtamaulipas.com\/sitio\/wp-json\/wp\/v2\/media?parent=8476"}],"wp:term":[{"taxonomy":"category","embeddable":true,"href":"https:\/\/redtamaulipas.com\/sitio\/wp-json\/wp\/v2\/categories?post=8476"},{"taxonomy":"post_tag","embeddable":true,"href":"https:\/\/redtamaulipas.com\/sitio\/wp-json\/wp\/v2\/tags?post=8476"},{"taxonomy":"author","embeddable":true,"href":"https:\/\/redtamaulipas.com\/sitio\/wp-json\/wp\/v2\/ppma_author?post=8476"}],"curies":[{"name":"wp","href":"https:\/\/api.w.org\/{rel}","templated":true}]}}