{"id":8470,"date":"2026-09-02T06:37:34","date_gmt":"2026-09-02T04:37:34","guid":{"rendered":"https:\/\/redtamaulipas.com\/sitio\/?p=8470"},"modified":"2026-09-02T06:37:36","modified_gmt":"2026-09-02T04:37:36","slug":"%f0%9f%9a%a8-camioneta-se-mete-hasta-un-seven-en-ciudad-industrial-%f0%9f%9a%a8","status":"publish","type":"post","link":"https:\/\/redtamaulipas.com\/sitio\/%f0%9f%9a%a8-camioneta-se-mete-hasta-un-seven-en-ciudad-industrial-%f0%9f%9a%a8\/","title":{"rendered":"\ud83d\udea8 \u00a1CAMIONETA SE METE HASTA UN SEVEN EN CIUDAD INDUSTRIAL! \ud83d\udea8"},"content":{"rendered":"\n<p class=\"wp-block-paragraph\">Miriam Vallejano\/ Red Tamaulipas<\/p>\n\n\n\n<p class=\"wp-block-paragraph\">Matamoros, Tamaulipas.\u2013 Momentos de tensi\u00f3n se vivieron en Ciudad Industrial, luego de que una camioneta terminara dentro de una tienda Seven, generando movilizaci\u00f3n de autoridades y cuerpos de emergencia.<br>El veh\u00edculo qued\u00f3 al interior del establecimiento, mientras las autoridades acudieron al lugar para atender la situaci\u00f3n y determinar c\u00f3mo ocurri\u00f3 el accidente.<br>Hasta el momento se espera informaci\u00f3n oficial sobre personas lesionadas y los da\u00f1os ocasionados.<\/p>\n\n\n\n<p class=\"wp-block-paragraph\"><\/p>\n\n    <div class=\"xs_social_share_widget xs_share_url after_content \t\tmain_content  wslu-style-1 wslu-share-box-shaped wslu-fill-colored wslu-none wslu-share-horizontal wslu-theme-font-no wslu-main_content\">\n\n\t\t\n        <ul>\n\t\t\t        <\/ul>\n    <\/div> \n","protected":false},"excerpt":{"rendered":"<p>Miriam Vallejano\/ Red Tamaulipas Matamoros, Tamaulipas.\u2013 Momentos de tensi\u00f3n se vivieron en Ciudad Industrial, luego de que una camioneta terminara dentro de una tienda Seven, generando movilizaci\u00f3n de autoridades y cuerpos de emergencia.El veh\u00edculo qued\u00f3 al interior del establecimiento, mientras las autoridades acudieron al lugar para atender la situaci\u00f3n y determinar c\u00f3mo ocurri\u00f3 el accidente.Hasta&#8230;<\/p>\n","protected":false},"author":2,"featured_media":8471,"comment_status":"open","ping_status":"open","sticky":false,"template":"","format":"standard","meta":{"_monsterinsights_skip_tracking":false,"footnotes":""},"categories":[35],"tags":[],"ppma_author":[45],"class_list":["post-8470","post","type-post","status-publish","format-standard","has-post-thumbnail","hentry","category-estado"],"aioseo_notices":[],"authors":[{"term_id":45,"user_id":2,"is_guest":0,"slug":"redmujerestamyahoo-es","display_name":"Dora De La Cruz","avatar_url":"https:\/\/secure.gravatar.com\/avatar\/5d289d7424cd23c853caf9927561fe540441ff1d3d30ead633ab94d5b8853ba3?s=96&d=mm&r=g","author_category":"","first_name":"Dora De La Cruz","last_name":"","user_url":"","job_title":"","description":""}],"_links":{"self":[{"href":"https:\/\/redtamaulipas.com\/sitio\/wp-json\/wp\/v2\/posts\/8470","targetHints":{"allow":["GET"]}}],"collection":[{"href":"https:\/\/redtamaulipas.com\/sitio\/wp-json\/wp\/v2\/posts"}],"about":[{"href":"https:\/\/redtamaulipas.com\/sitio\/wp-json\/wp\/v2\/types\/post"}],"author":[{"embeddable":true,"href":"https:\/\/redtamaulipas.com\/sitio\/wp-json\/wp\/v2\/users\/2"}],"replies":[{"embeddable":true,"href":"https:\/\/redtamaulipas.com\/sitio\/wp-json\/wp\/v2\/comments?post=8470"}],"version-history":[{"count":1,"href":"https:\/\/redtamaulipas.com\/sitio\/wp-json\/wp\/v2\/posts\/8470\/revisions"}],"predecessor-version":[{"id":8472,"href":"https:\/\/redtamaulipas.com\/sitio\/wp-json\/wp\/v2\/posts\/8470\/revisions\/8472"}],"wp:featuredmedia":[{"embeddable":true,"href":"https:\/\/redtamaulipas.com\/sitio\/wp-json\/wp\/v2\/media\/8471"}],"wp:attachment":[{"href":"https:\/\/redtamaulipas.com\/sitio\/wp-json\/wp\/v2\/media?parent=8470"}],"wp:term":[{"taxonomy":"category","embeddable":true,"href":"https:\/\/redtamaulipas.com\/sitio\/wp-json\/wp\/v2\/categories?post=8470"},{"taxonomy":"post_tag","embeddable":true,"href":"https:\/\/redtamaulipas.com\/sitio\/wp-json\/wp\/v2\/tags?post=8470"},{"taxonomy":"author","embeddable":true,"href":"https:\/\/redtamaulipas.com\/sitio\/wp-json\/wp\/v2\/ppma_author?post=8470"}],"curies":[{"name":"wp","href":"https:\/\/api.w.org\/{rel}","templated":true}]}}