{"id":8467,"date":"2026-09-02T06:36:37","date_gmt":"2026-09-02T04:36:37","guid":{"rendered":"https:\/\/redtamaulipas.com\/sitio\/?p=8467"},"modified":"2026-09-02T06:36:39","modified_gmt":"2026-09-02T04:36:39","slug":"preparan-la-gran-rodada-uat-14k-en-ciudad-victoria","status":"publish","type":"post","link":"https:\/\/redtamaulipas.com\/sitio\/preparan-la-gran-rodada-uat-14k-en-ciudad-victoria\/","title":{"rendered":"Preparan la Gran Rodada UAT 14K en Ciudad Victoria"},"content":{"rendered":"\n<p class=\"wp-block-paragraph\">Ciudad Victoria, Tam.- Con la finalidad de vincular a la sociedad en general y la comunidad universitaria a trav\u00e9s del deporte, la Universidad Aut\u00f3noma de Tamaulipas organiza la Gran Rodada UAT 14K, que se celebrar\u00e1 el pr\u00f3ximo domingo, 20 septiembre, en Ciudad Victoria.<\/p>\n\n\n\n<p class=\"wp-block-paragraph\">A trav\u00e9s de la Secretar\u00eda de Vinculaci\u00f3n y la Direcci\u00f3n de Deportes y Recreaci\u00f3n, se convoca a ni\u00f1as, ni\u00f1os, j\u00f3venes y adultos a participar en el paseo en bicicleta que recorrer\u00e1 las principales avenidas de la capital de Tamaulipas, donde todos los presentes podr\u00e1n disfrutarlo al m\u00e1ximo.<\/p>\n\n\n\n<p class=\"wp-block-paragraph\">Los ciclistas se reunir\u00e1n frente al estacionamiento del Parque Tamat\u00e1n, ubicado en la Calzada \u201cGral. Luis Caballero\u201d, en punto de las 8:00 horas, donde las autoridades de la UAT e invitados especiales dar\u00e1n el banderazo de salida.<\/p>\n\n\n\n<p class=\"wp-block-paragraph\">Todos los participantes transitar\u00e1n sobre el Eje Vial \u201cL\u00e1zaro C\u00e1rdenas\u201d rumbo al norte, hasta llegar al Libramiento Naciones Unidas, llegando a la Avenida Tamaulipas para avanzar rumbo al sur, y culminar frente a las oficinas de Rector\u00eda, en el 8 y 9 Matamoros.<\/p>\n\n\n\n<p class=\"wp-block-paragraph\">Al finalizar el recorrido, los pedalistas podr\u00e1n participar en la rifa de atractivos regalos y, adem\u00e1s, podr\u00e1n disfrutar del programa musical programado, entre otras sorpresas m\u00e1s.<br>Cabe resaltar que, en el pasado mes de febrero, m\u00e1s de 400 participantes se hicieron presentes en el recorrido de 10 kil\u00f3metros, reuniendo a familias del centro, norte y sur del estado en el magno evento.<\/p>\n\n\n\n<p class=\"wp-block-paragraph\">Las inscripciones son gratis y podr\u00e1n realizarse en el enlace <a href=\"https:\/\/forms.gle\/8Wq8VB5XAk4AT73d9\">https:\/\/forms.gle\/8Wq8VB5XAk4AT73d9<\/a> o en la Direcci\u00f3n de Deportes y Recreaci\u00f3n de la UAT, ubicadas en el Gimnasio Universitario del Campus Victoria, en horario de 9:00 a 17:00 horas.<\/p>\n\n    <div class=\"xs_social_share_widget xs_share_url after_content \t\tmain_content  wslu-style-1 wslu-share-box-shaped wslu-fill-colored wslu-none wslu-share-horizontal wslu-theme-font-no wslu-main_content\">\n\n\t\t\n        <ul>\n\t\t\t        <\/ul>\n    <\/div> \n","protected":false},"excerpt":{"rendered":"<p>Ciudad Victoria, Tam.- Con la finalidad de vincular a la sociedad en general y la comunidad universitaria a trav\u00e9s del deporte, la Universidad Aut\u00f3noma de Tamaulipas organiza la Gran Rodada UAT 14K, que se celebrar\u00e1 el pr\u00f3ximo domingo, 20 septiembre, en Ciudad Victoria. A trav\u00e9s de la Secretar\u00eda de Vinculaci\u00f3n y la Direcci\u00f3n de Deportes&#8230;<\/p>\n","protected":false},"author":2,"featured_media":8468,"comment_status":"open","ping_status":"open","sticky":false,"template":"","format":"standard","meta":{"_monsterinsights_skip_tracking":false,"footnotes":""},"categories":[24],"tags":[],"ppma_author":[45],"class_list":["post-8467","post","type-post","status-publish","format-standard","has-post-thumbnail","hentry","category-deporte"],"aioseo_notices":[],"authors":[{"term_id":45,"user_id":2,"is_guest":0,"slug":"redmujerestamyahoo-es","display_name":"Dora De La Cruz","avatar_url":"https:\/\/secure.gravatar.com\/avatar\/5d289d7424cd23c853caf9927561fe540441ff1d3d30ead633ab94d5b8853ba3?s=96&d=mm&r=g","author_category":"","first_name":"Dora De La Cruz","last_name":"","user_url":"","job_title":"","description":""}],"_links":{"self":[{"href":"https:\/\/redtamaulipas.com\/sitio\/wp-json\/wp\/v2\/posts\/8467","targetHints":{"allow":["GET"]}}],"collection":[{"href":"https:\/\/redtamaulipas.com\/sitio\/wp-json\/wp\/v2\/posts"}],"about":[{"href":"https:\/\/redtamaulipas.com\/sitio\/wp-json\/wp\/v2\/types\/post"}],"author":[{"embeddable":true,"href":"https:\/\/redtamaulipas.com\/sitio\/wp-json\/wp\/v2\/users\/2"}],"replies":[{"embeddable":true,"href":"https:\/\/redtamaulipas.com\/sitio\/wp-json\/wp\/v2\/comments?post=8467"}],"version-history":[{"count":1,"href":"https:\/\/redtamaulipas.com\/sitio\/wp-json\/wp\/v2\/posts\/8467\/revisions"}],"predecessor-version":[{"id":8469,"href":"https:\/\/redtamaulipas.com\/sitio\/wp-json\/wp\/v2\/posts\/8467\/revisions\/8469"}],"wp:featuredmedia":[{"embeddable":true,"href":"https:\/\/redtamaulipas.com\/sitio\/wp-json\/wp\/v2\/media\/8468"}],"wp:attachment":[{"href":"https:\/\/redtamaulipas.com\/sitio\/wp-json\/wp\/v2\/media?parent=8467"}],"wp:term":[{"taxonomy":"category","embeddable":true,"href":"https:\/\/redtamaulipas.com\/sitio\/wp-json\/wp\/v2\/categories?post=8467"},{"taxonomy":"post_tag","embeddable":true,"href":"https:\/\/redtamaulipas.com\/sitio\/wp-json\/wp\/v2\/tags?post=8467"},{"taxonomy":"author","embeddable":true,"href":"https:\/\/redtamaulipas.com\/sitio\/wp-json\/wp\/v2\/ppma_author?post=8467"}],"curies":[{"name":"wp","href":"https:\/\/api.w.org\/{rel}","templated":true}]}}