{"id":8463,"date":"2026-09-02T06:35:23","date_gmt":"2026-09-02T04:35:23","guid":{"rendered":"https:\/\/redtamaulipas.com\/sitio\/?p=8463"},"modified":"2026-09-02T06:35:25","modified_gmt":"2026-09-02T04:35:25","slug":"%f0%9f%94%b4fiscalia-general-de-justicia-de-tamaulipas-senala-la-localizacion-de-8-de-cada-10-desparecidos","status":"publish","type":"post","link":"https:\/\/redtamaulipas.com\/sitio\/%f0%9f%94%b4fiscalia-general-de-justicia-de-tamaulipas-senala-la-localizacion-de-8-de-cada-10-desparecidos\/","title":{"rendered":"\ud83d\udd34Fiscal\u00eda General de Justicia de Tamaulipas se\u00f1ala la localizaci\u00f3n de 8 de cada 10 desparecidos"},"content":{"rendered":"\n<p class=\"wp-block-paragraph\">M\u00edriam Vallejano \/ Red Tamaulipas<\/p>\n\n\n\n<p class=\"wp-block-paragraph\">Ciudad Victoria, Tamaulipas.\u2013 La Fiscal\u00eda General de Justicia de Tamaulipas asegura que hasta 8 de cada 10 personas reportadas como desaparecidas son localizadas, aunque reconoce que el principal desaf\u00edo contin\u00faa siendo el enorme rezago hist\u00f3rico acumulado durante d\u00e9cadas.<br>El fiscal general, Jes\u00fas Eduardo Govea Orozco, inform\u00f3 que los indicadores mensuales de este a\u00f1o registran porcentajes de localizaci\u00f3n superiores al 60 y 70 por ciento, alcanzando en algunos periodos niveles cercanos o incluso mayores al 80 por ciento.<br>El funcionario se\u00f1al\u00f3 que las denuncias recientes reciben atenci\u00f3n inmediata, pero advirti\u00f3 que el problema de las desapariciones en Tamaulipas no corresponde \u00fanicamente a los casos actuales: existen expedientes que se remontan a varias d\u00e9cadas y que contin\u00faan pendientes de resoluci\u00f3n.<br>Como parte de las acciones para abatir este rezago, explic\u00f3 que el Gobierno Federal comparti\u00f3 recientemente bases de datos e informaci\u00f3n relacionada con personas desaparecidas y posibles localizaciones.<br>El cruce de estos datos ya permiti\u00f3 documentar alrededor de 90 casos de personas localizadas, de acuerdo con la Fiscal\u00eda estatal.<br>Govea Orozco tambi\u00e9n destac\u00f3 el trabajo coordinado con los colectivos de b\u00fasqueda y la necesidad de fortalecer las capacidades de identificaci\u00f3n forense.<br>En este contexto, resalt\u00f3 el proyecto del Centro de Identificaci\u00f3n Forense de Altamira, cuya entrada en operaciones se contempla para el pr\u00f3ximo a\u00f1o y que, afirm\u00f3, permitir\u00e1 ampliar significativamente la capacidad para identificar cuerpos y avanzar en la atenci\u00f3n de casos pendientes.<br>La Fiscal\u00eda sostiene que el objetivo es doble: responder con mayor rapidez a las desapariciones recientes y, al mismo tiempo, cerrar la deuda hist\u00f3rica con las familias que llevan a\u00f1os buscando a sus seres queridos.<\/p>\n\n    <div class=\"xs_social_share_widget xs_share_url after_content \t\tmain_content  wslu-style-1 wslu-share-box-shaped wslu-fill-colored wslu-none wslu-share-horizontal wslu-theme-font-no wslu-main_content\">\n\n\t\t\n        <ul>\n\t\t\t        <\/ul>\n    <\/div> \n","protected":false},"excerpt":{"rendered":"<p>M\u00edriam Vallejano \/ Red Tamaulipas Ciudad Victoria, Tamaulipas.\u2013 La Fiscal\u00eda General de Justicia de Tamaulipas asegura que hasta 8 de cada 10 personas reportadas como desaparecidas son localizadas, aunque reconoce que el principal desaf\u00edo contin\u00faa siendo el enorme rezago hist\u00f3rico acumulado durante d\u00e9cadas.El fiscal general, Jes\u00fas Eduardo Govea Orozco, inform\u00f3 que los indicadores mensuales de&#8230;<\/p>\n","protected":false},"author":2,"featured_media":8464,"comment_status":"open","ping_status":"open","sticky":false,"template":"","format":"standard","meta":{"_monsterinsights_skip_tracking":false,"footnotes":""},"categories":[35],"tags":[],"ppma_author":[45],"class_list":["post-8463","post","type-post","status-publish","format-standard","has-post-thumbnail","hentry","category-estado"],"aioseo_notices":[],"authors":[{"term_id":45,"user_id":2,"is_guest":0,"slug":"redmujerestamyahoo-es","display_name":"Dora De La Cruz","avatar_url":"https:\/\/secure.gravatar.com\/avatar\/5d289d7424cd23c853caf9927561fe540441ff1d3d30ead633ab94d5b8853ba3?s=96&d=mm&r=g","author_category":"","first_name":"Dora De La Cruz","last_name":"","user_url":"","job_title":"","description":""}],"_links":{"self":[{"href":"https:\/\/redtamaulipas.com\/sitio\/wp-json\/wp\/v2\/posts\/8463","targetHints":{"allow":["GET"]}}],"collection":[{"href":"https:\/\/redtamaulipas.com\/sitio\/wp-json\/wp\/v2\/posts"}],"about":[{"href":"https:\/\/redtamaulipas.com\/sitio\/wp-json\/wp\/v2\/types\/post"}],"author":[{"embeddable":true,"href":"https:\/\/redtamaulipas.com\/sitio\/wp-json\/wp\/v2\/users\/2"}],"replies":[{"embeddable":true,"href":"https:\/\/redtamaulipas.com\/sitio\/wp-json\/wp\/v2\/comments?post=8463"}],"version-history":[{"count":1,"href":"https:\/\/redtamaulipas.com\/sitio\/wp-json\/wp\/v2\/posts\/8463\/revisions"}],"predecessor-version":[{"id":8465,"href":"https:\/\/redtamaulipas.com\/sitio\/wp-json\/wp\/v2\/posts\/8463\/revisions\/8465"}],"wp:featuredmedia":[{"embeddable":true,"href":"https:\/\/redtamaulipas.com\/sitio\/wp-json\/wp\/v2\/media\/8464"}],"wp:attachment":[{"href":"https:\/\/redtamaulipas.com\/sitio\/wp-json\/wp\/v2\/media?parent=8463"}],"wp:term":[{"taxonomy":"category","embeddable":true,"href":"https:\/\/redtamaulipas.com\/sitio\/wp-json\/wp\/v2\/categories?post=8463"},{"taxonomy":"post_tag","embeddable":true,"href":"https:\/\/redtamaulipas.com\/sitio\/wp-json\/wp\/v2\/tags?post=8463"},{"taxonomy":"author","embeddable":true,"href":"https:\/\/redtamaulipas.com\/sitio\/wp-json\/wp\/v2\/ppma_author?post=8463"}],"curies":[{"name":"wp","href":"https:\/\/api.w.org\/{rel}","templated":true}]}}