{"id":8454,"date":"2026-09-02T06:30:16","date_gmt":"2026-09-02T04:30:16","guid":{"rendered":"https:\/\/redtamaulipas.com\/sitio\/?p=8454"},"modified":"2026-09-02T06:30:17","modified_gmt":"2026-09-02T04:30:17","slug":"detienen-a-cuatro-por-trafico-de-personas-en-tamaulipas","status":"publish","type":"post","link":"https:\/\/redtamaulipas.com\/sitio\/detienen-a-cuatro-por-trafico-de-personas-en-tamaulipas\/","title":{"rendered":"Detienen a cuatro por tr\u00e1fico de personas en Tamaulipas"},"content":{"rendered":"\n<p class=\"wp-block-paragraph\">M\u00e9xico, Tam.- La Fiscal\u00eda General de la Rep\u00fablica inform\u00f3 la detenci\u00f3n de cuatro personas se\u00f1aladas por su probable participaci\u00f3n en una organizaci\u00f3n dedicada al tr\u00e1fico de personas hacia Estados Unidos, con operaciones presuntamente en Matamoros y Reynosa.<\/p>\n\n\n\n<p class=\"wp-block-paragraph\">Jos\u00e9 \u201cN\u201d, Patricia \u201cN\u201d, Diana \u201cN\u201d y Milagros \u201cN\u201d quedaron sujetos a prisi\u00f3n preventiva oficiosa, tras la decisi\u00f3n de un juez de control, quien consider\u00f3 suficientes los datos de prueba presentados por el Ministerio P\u00fablico Federal.<\/p>\n\n    <div class=\"xs_social_share_widget xs_share_url after_content \t\tmain_content  wslu-style-1 wslu-share-box-shaped wslu-fill-colored wslu-none wslu-share-horizontal wslu-theme-font-no wslu-main_content\">\n\n\t\t\n        <ul>\n\t\t\t        <\/ul>\n    <\/div> \n","protected":false},"excerpt":{"rendered":"<p>M\u00e9xico, Tam.- La Fiscal\u00eda General de la Rep\u00fablica inform\u00f3 la detenci\u00f3n de cuatro personas se\u00f1aladas por su probable participaci\u00f3n en una organizaci\u00f3n dedicada al tr\u00e1fico de personas hacia Estados Unidos, con operaciones presuntamente en Matamoros y Reynosa. Jos\u00e9 \u201cN\u201d, Patricia \u201cN\u201d, Diana \u201cN\u201d y Milagros \u201cN\u201d quedaron sujetos a prisi\u00f3n preventiva oficiosa, tras la decisi\u00f3n&#8230;<\/p>\n","protected":false},"author":2,"featured_media":8455,"comment_status":"open","ping_status":"open","sticky":false,"template":"","format":"standard","meta":{"_monsterinsights_skip_tracking":false,"footnotes":""},"categories":[35],"tags":[],"ppma_author":[45],"class_list":["post-8454","post","type-post","status-publish","format-standard","has-post-thumbnail","hentry","category-estado"],"aioseo_notices":[],"authors":[{"term_id":45,"user_id":2,"is_guest":0,"slug":"redmujerestamyahoo-es","display_name":"Dora De La Cruz","avatar_url":"https:\/\/secure.gravatar.com\/avatar\/5d289d7424cd23c853caf9927561fe540441ff1d3d30ead633ab94d5b8853ba3?s=96&d=mm&r=g","author_category":"","first_name":"Dora De La Cruz","last_name":"","user_url":"","job_title":"","description":""}],"_links":{"self":[{"href":"https:\/\/redtamaulipas.com\/sitio\/wp-json\/wp\/v2\/posts\/8454","targetHints":{"allow":["GET"]}}],"collection":[{"href":"https:\/\/redtamaulipas.com\/sitio\/wp-json\/wp\/v2\/posts"}],"about":[{"href":"https:\/\/redtamaulipas.com\/sitio\/wp-json\/wp\/v2\/types\/post"}],"author":[{"embeddable":true,"href":"https:\/\/redtamaulipas.com\/sitio\/wp-json\/wp\/v2\/users\/2"}],"replies":[{"embeddable":true,"href":"https:\/\/redtamaulipas.com\/sitio\/wp-json\/wp\/v2\/comments?post=8454"}],"version-history":[{"count":1,"href":"https:\/\/redtamaulipas.com\/sitio\/wp-json\/wp\/v2\/posts\/8454\/revisions"}],"predecessor-version":[{"id":8456,"href":"https:\/\/redtamaulipas.com\/sitio\/wp-json\/wp\/v2\/posts\/8454\/revisions\/8456"}],"wp:featuredmedia":[{"embeddable":true,"href":"https:\/\/redtamaulipas.com\/sitio\/wp-json\/wp\/v2\/media\/8455"}],"wp:attachment":[{"href":"https:\/\/redtamaulipas.com\/sitio\/wp-json\/wp\/v2\/media?parent=8454"}],"wp:term":[{"taxonomy":"category","embeddable":true,"href":"https:\/\/redtamaulipas.com\/sitio\/wp-json\/wp\/v2\/categories?post=8454"},{"taxonomy":"post_tag","embeddable":true,"href":"https:\/\/redtamaulipas.com\/sitio\/wp-json\/wp\/v2\/tags?post=8454"},{"taxonomy":"author","embeddable":true,"href":"https:\/\/redtamaulipas.com\/sitio\/wp-json\/wp\/v2\/ppma_author?post=8454"}],"curies":[{"name":"wp","href":"https:\/\/api.w.org\/{rel}","templated":true}]}}