{"id":8441,"date":"2026-09-01T05:12:38","date_gmt":"2026-09-01T03:12:38","guid":{"rendered":"https:\/\/redtamaulipas.com\/sitio\/?p=8441"},"modified":"2026-09-01T05:12:40","modified_gmt":"2026-09-01T03:12:40","slug":"comparte","status":"publish","type":"post","link":"https:\/\/redtamaulipas.com\/sitio\/comparte\/","title":{"rendered":"#Comparte"},"content":{"rendered":"\n<p class=\"wp-block-paragraph\">Participa en la rifa de Animalistas del Sol y apoya a los perros rescatados<\/p>\n\n\n\n<p class=\"wp-block-paragraph\">Ciudad, Victoria, Tam.- Animalistas del Sol pide apoyo ciudadano para mantener su labor de rescate<\/p>\n\n\n\n<p class=\"wp-block-paragraph\">El albergue Animalistas del Sol hace un llamado a la ciudadan\u00eda para sumarse a su rifa anual, una actividad que permite recaudar fondos para continuar con el rescate, atenci\u00f3n y cuidado de perros que reciben ayuda de manera gratuita.<\/p>\n\n\n\n<p class=\"wp-block-paragraph\">El trabajo que realizan voluntarias y voluntarios requiere de recursos para cubrir alimentaci\u00f3n, medicamentos, cirug\u00edas, consultas y servicios veterinarios, adem\u00e1s de la renta del terreno donde funciona el albergue.<\/p>\n\n\n\n<p class=\"wp-block-paragraph\">Los perros rescatados permanecen bajo cuidado hasta encontrarse en condiciones de ser adoptados. Las adopciones son gratuitas, porque el principal objetivo es brindarles una segunda oportunidad y encontrarles un hogar responsable.<\/p>\n\n\n\n<p class=\"wp-block-paragraph\">El albergue se encuentra en la colonia Pedro Sosa, frente a la placita, y es atendido principalmente por voluntarias, con apoyo de personal de limpieza.<\/p>\n\n\n\n<p class=\"wp-block-paragraph\">Participar en la rifa es una manera de ayudar a que esta labor contin\u00fae. Cada aportaci\u00f3n se transforma en alimento, atenci\u00f3n veterinaria y, sobre todo, en una oportunidad para un perro que necesita un hogar.<\/p>\n\n    <div class=\"xs_social_share_widget xs_share_url after_content \t\tmain_content  wslu-style-1 wslu-share-box-shaped wslu-fill-colored wslu-none wslu-share-horizontal wslu-theme-font-no wslu-main_content\">\n\n\t\t\n        <ul>\n\t\t\t        <\/ul>\n    <\/div> \n","protected":false},"excerpt":{"rendered":"<p>Participa en la rifa de Animalistas del Sol y apoya a los perros rescatados Ciudad, Victoria, Tam.- Animalistas del Sol pide apoyo ciudadano para mantener su labor de rescate El albergue Animalistas del Sol hace un llamado a la ciudadan\u00eda para sumarse a su rifa anual, una actividad que permite recaudar fondos para continuar con&#8230;<\/p>\n","protected":false},"author":2,"featured_media":8442,"comment_status":"open","ping_status":"open","sticky":false,"template":"","format":"standard","meta":{"_monsterinsights_skip_tracking":false,"footnotes":""},"categories":[6],"tags":[],"ppma_author":[45],"class_list":["post-8441","post","type-post","status-publish","format-standard","has-post-thumbnail","hentry","category-especial"],"aioseo_notices":[],"authors":[{"term_id":45,"user_id":2,"is_guest":0,"slug":"redmujerestamyahoo-es","display_name":"Dora De La Cruz","avatar_url":"https:\/\/secure.gravatar.com\/avatar\/5d289d7424cd23c853caf9927561fe540441ff1d3d30ead633ab94d5b8853ba3?s=96&d=mm&r=g","author_category":"","first_name":"Dora De La Cruz","last_name":"","user_url":"","job_title":"","description":""}],"_links":{"self":[{"href":"https:\/\/redtamaulipas.com\/sitio\/wp-json\/wp\/v2\/posts\/8441","targetHints":{"allow":["GET"]}}],"collection":[{"href":"https:\/\/redtamaulipas.com\/sitio\/wp-json\/wp\/v2\/posts"}],"about":[{"href":"https:\/\/redtamaulipas.com\/sitio\/wp-json\/wp\/v2\/types\/post"}],"author":[{"embeddable":true,"href":"https:\/\/redtamaulipas.com\/sitio\/wp-json\/wp\/v2\/users\/2"}],"replies":[{"embeddable":true,"href":"https:\/\/redtamaulipas.com\/sitio\/wp-json\/wp\/v2\/comments?post=8441"}],"version-history":[{"count":1,"href":"https:\/\/redtamaulipas.com\/sitio\/wp-json\/wp\/v2\/posts\/8441\/revisions"}],"predecessor-version":[{"id":8443,"href":"https:\/\/redtamaulipas.com\/sitio\/wp-json\/wp\/v2\/posts\/8441\/revisions\/8443"}],"wp:featuredmedia":[{"embeddable":true,"href":"https:\/\/redtamaulipas.com\/sitio\/wp-json\/wp\/v2\/media\/8442"}],"wp:attachment":[{"href":"https:\/\/redtamaulipas.com\/sitio\/wp-json\/wp\/v2\/media?parent=8441"}],"wp:term":[{"taxonomy":"category","embeddable":true,"href":"https:\/\/redtamaulipas.com\/sitio\/wp-json\/wp\/v2\/categories?post=8441"},{"taxonomy":"post_tag","embeddable":true,"href":"https:\/\/redtamaulipas.com\/sitio\/wp-json\/wp\/v2\/tags?post=8441"},{"taxonomy":"author","embeddable":true,"href":"https:\/\/redtamaulipas.com\/sitio\/wp-json\/wp\/v2\/ppma_author?post=8441"}],"curies":[{"name":"wp","href":"https:\/\/api.w.org\/{rel}","templated":true}]}}