{"id":8435,"date":"2026-08-31T16:28:19","date_gmt":"2026-08-31T14:28:19","guid":{"rendered":"https:\/\/redtamaulipas.com\/sitio\/?p=8435"},"modified":"2026-08-31T16:28:21","modified_gmt":"2026-08-31T14:28:21","slug":"no-se-puede-servir-a-dos-amos-o-si","status":"publish","type":"post","link":"https:\/\/redtamaulipas.com\/sitio\/no-se-puede-servir-a-dos-amos-o-si\/","title":{"rendered":"No se puede servir a dos amos\u2026 \u00bfo s\u00ed?"},"content":{"rendered":"\n<p class=\"wp-block-paragraph\">La nacionalidad mexicana , entra ahora como una condici\u00f3n para quienes buscan gobernar M\u00e9xico. La presidenta Claudia Sheinbaum envi\u00f3 al Senado una iniciativa de reforma constitucional para permitir solo v\u00ednculo jur\u00eddico con el Estado mexicano, como requisito para quienes aspiren a la Presidencia de la Rep\u00fablica, a una gubernatura o a la Jefatura de Gobierno de la Ciudad de M\u00e9xico; la reforma modificar\u00eda las reglas de acceso a estos cargos.<\/p>\n\n\n\n<p class=\"wp-block-paragraph\">La propuesta no busca eliminar el derecho de las y los mexicanos a tener otra nacionalidad, sino establecer una condici\u00f3n, para quienes quieran gobernar, por un tema de soberan\u00eda y defensa nacional.<br>Algunos oficialistas del cabecismo, pretenden endilgar esta reforma al ex gobernador Francisco Garc\u00eda, para \u201cimpedirle\u201d llegar a la Presidencia de la Rep\u00fablica, engrandeciendo a quien no tiene la m\u00ednima posibilidad siquiera de buscar un cargo de elecci\u00f3n popular en M\u00e9xico, por tener una orden de aprehensi\u00f3n activa, es decir es considerado un pr\u00f3fugo de la justicia, evadido en \u201csu otro pa\u00eds\u201d, los Estados Unidos de Norteam\u00e9rica.<\/p>\n\n\n\n<p class=\"wp-block-paragraph\">La reforma llega en un momento muy particular en M\u00e9xico, asociado con los intentos de intromisi\u00f3n del gobierno estadounidense, en temas que son mera competencia de las autoridades mexicanas, y como parte lo que la Presidenta est\u00e1 preparando, para jur\u00eddicamente hacer frente en la defensa de la soberan\u00eda mexicana y del pueblo mexicano.<\/p>\n\n\n\n<p class=\"wp-block-paragraph\">La propuesta, busca establecer una condici\u00f3n para quienes quieran buscar estos cargos de elecci\u00f3n popular; tendr\u00edan que renunciar a su segunda nacionalidad para demostrar su lealtad y compromiso con la soberan\u00eda nacional.<br>En Tamaulipas, por ser un estado vecino con el estado de Texas, EE UU, en las ciudades fronterizas es com\u00fan la doble nacionalidad; algunos miembros de la poblaci\u00f3n fronteriza, cruzaban el puente internacional, para que las y los hijos nacieran de aquel lado; hoy son otras condiciones, por el endurecimiento de las medidas migratorias impuestas por el actual gobierno estadounidense.<\/p>\n\n\n\n<p class=\"wp-block-paragraph\">Algunos pol\u00edticos de la frontera, de todos los partidos pol\u00edticos, all\u00e1 nacieron; as\u00ed llegaron a puestos y cargos de alto nivel, vaya, lleg\u00f3 el ex gobernador del Partido Acci\u00f3n Nacional; tambi\u00e9n est\u00e1 su cu\u00f1ado, Jos\u00e9 Ram\u00f3n G\u00f3mez Leal, ahora Senador de Morena, tambi\u00e9n los hermanos Canturosas, de Nuevo Laredo, CarmenLilia (alcaldesa) y Enrique , ahora diputado federal, tienen sus ra\u00edces en Laredo Texas, y su patrimonio; el edil de Reynosa Carlos Pe\u00f1a, tiene su residencia all\u00e1, en \u201clos McAllen\u201d; son varias las figuras pol\u00edticas que llegan con este estatus, de ese derecho, que tiene todo ciudadano y ciudadana.<\/p>\n\n\n\n<p class=\"wp-block-paragraph\">El tema central de esta reforma es que hay nuevas reglas para acceder al poder, as\u00ed como de defensa de la soberan\u00eda, de lealtad al pueblo mexicano, porque como dicen, \u201cno pueden servir a dos amos\u201d, cuando se trata de gobernar a un pa\u00eds o un estado.<\/p>\n\n\n\n<p class=\"wp-block-paragraph\">Por eso romper jur\u00eddicamente con ese lazo, aunque no ser\u00eda garant\u00eda de lealtad, si habr\u00eda un filtro y no se repitieran historias como las que Tamaulipas puede contar hoy, con un ex gobernador que se blinda con su nacionalidad estadounidense.<\/p>\n\n\n\n<p class=\"wp-block-paragraph\">Esta ley que es probable que pronto se apruebe, afectar\u00e1 pol\u00edticamente a las y los pol\u00edticos de Tamaulipas, que andan detr\u00e1s de la candidatura de Morena a la gubernatura, pero \u00a1qu\u00e9 l\u00e1stima!, tienen la doble nacionalidad; as\u00ed que la lista se hace m\u00e1s corta, entre la ley contra el nepotismo y esta \u00faltima reforma.<\/p>\n\n\n\n<p class=\"wp-block-paragraph\">Parece que cada vez habr\u00e1 m\u00e1s filtros para llegar al poder. El verdadero reto ser\u00e1 que las reglas se apliquen por igual, sin excepciones ni consentidos.<\/p>\n\n    <div class=\"xs_social_share_widget xs_share_url after_content \t\tmain_content  wslu-style-1 wslu-share-box-shaped wslu-fill-colored wslu-none wslu-share-horizontal wslu-theme-font-no wslu-main_content\">\n\n\t\t\n        <ul>\n\t\t\t        <\/ul>\n    <\/div> \n","protected":false},"excerpt":{"rendered":"<p>La nacionalidad mexicana , entra ahora como una condici\u00f3n para quienes buscan gobernar M\u00e9xico. La presidenta Claudia Sheinbaum envi\u00f3 al Senado una iniciativa de reforma constitucional para permitir solo v\u00ednculo jur\u00eddico con el Estado mexicano, como requisito para quienes aspiren a la Presidencia de la Rep\u00fablica, a una gubernatura o a la Jefatura de Gobierno&#8230;<\/p>\n","protected":false},"author":2,"featured_media":8436,"comment_status":"open","ping_status":"open","sticky":false,"template":"","format":"standard","meta":{"_monsterinsights_skip_tracking":false,"footnotes":""},"categories":[46],"tags":[],"ppma_author":[45],"class_list":["post-8435","post","type-post","status-publish","format-standard","has-post-thumbnail","hentry","category-columnistas"],"aioseo_notices":[],"authors":[{"term_id":45,"user_id":2,"is_guest":0,"slug":"redmujerestamyahoo-es","display_name":"Dora De La Cruz","avatar_url":"https:\/\/secure.gravatar.com\/avatar\/5d289d7424cd23c853caf9927561fe540441ff1d3d30ead633ab94d5b8853ba3?s=96&d=mm&r=g","author_category":"","first_name":"Dora De La Cruz","last_name":"","user_url":"","job_title":"","description":""}],"_links":{"self":[{"href":"https:\/\/redtamaulipas.com\/sitio\/wp-json\/wp\/v2\/posts\/8435","targetHints":{"allow":["GET"]}}],"collection":[{"href":"https:\/\/redtamaulipas.com\/sitio\/wp-json\/wp\/v2\/posts"}],"about":[{"href":"https:\/\/redtamaulipas.com\/sitio\/wp-json\/wp\/v2\/types\/post"}],"author":[{"embeddable":true,"href":"https:\/\/redtamaulipas.com\/sitio\/wp-json\/wp\/v2\/users\/2"}],"replies":[{"embeddable":true,"href":"https:\/\/redtamaulipas.com\/sitio\/wp-json\/wp\/v2\/comments?post=8435"}],"version-history":[{"count":1,"href":"https:\/\/redtamaulipas.com\/sitio\/wp-json\/wp\/v2\/posts\/8435\/revisions"}],"predecessor-version":[{"id":8437,"href":"https:\/\/redtamaulipas.com\/sitio\/wp-json\/wp\/v2\/posts\/8435\/revisions\/8437"}],"wp:featuredmedia":[{"embeddable":true,"href":"https:\/\/redtamaulipas.com\/sitio\/wp-json\/wp\/v2\/media\/8436"}],"wp:attachment":[{"href":"https:\/\/redtamaulipas.com\/sitio\/wp-json\/wp\/v2\/media?parent=8435"}],"wp:term":[{"taxonomy":"category","embeddable":true,"href":"https:\/\/redtamaulipas.com\/sitio\/wp-json\/wp\/v2\/categories?post=8435"},{"taxonomy":"post_tag","embeddable":true,"href":"https:\/\/redtamaulipas.com\/sitio\/wp-json\/wp\/v2\/tags?post=8435"},{"taxonomy":"author","embeddable":true,"href":"https:\/\/redtamaulipas.com\/sitio\/wp-json\/wp\/v2\/ppma_author?post=8435"}],"curies":[{"name":"wp","href":"https:\/\/api.w.org\/{rel}","templated":true}]}}