{"id":8429,"date":"2026-08-31T06:48:03","date_gmt":"2026-08-31T04:48:03","guid":{"rendered":"https:\/\/redtamaulipas.com\/sitio\/?p=8429"},"modified":"2026-08-31T06:48:05","modified_gmt":"2026-08-31T04:48:05","slug":"llama-americo-a-cerrar-filas-con-sheinbaum","status":"publish","type":"post","link":"https:\/\/redtamaulipas.com\/sitio\/llama-americo-a-cerrar-filas-con-sheinbaum\/","title":{"rendered":"Llama Am\u00e9rico a cerrar filas con Sheinbaum"},"content":{"rendered":"\n<p class=\"wp-block-paragraph\">Cd. Victoria, Tam.- El Gobernador Am\u00e9rico Villarreal Anaya llam\u00f3 a los tamaulipecos a cerrar filas en torno a la Presidenta Claudia Sheinbaum Pardo y defender la soberan\u00eda nacional.<\/p>\n\n\n\n<p class=\"wp-block-paragraph\">El mensaje fue lanzado durante la Cabalgata de la Unidad, realizada en la capital tamaulipeca, donde m\u00e1s de 2 mil jinetes recorrieron poco m\u00e1s de 10 kil\u00f3metros antes de concentrarse en un convivio con integrantes del gabinete estatal, diputados locales, legisladores federales y ciudadanos.<\/p>\n\n\n\n<p class=\"wp-block-paragraph\">El encuentro tuvo como principal convocante al rector de la Universidad Aut\u00f3noma de Tamaulipas (UAT), D\u00e1maso Anaya Alvarado, y cont\u00f3 con la participaci\u00f3n de la diputada federal Blanca Araceli Narro Paname\u00f1o.<br>Villarreal Anaya agradeci\u00f3 la asistencia de los cabalgantes y llev\u00f3 el discurso del encuentro del terreno local al nacional.<\/p>\n\n\n\n<p class=\"wp-block-paragraph\">\u00abQue tengamos presente el gozo que significa ser mexicanos y mexicanas y que bajo los colores de nuestra bandera, que significan el verde, soberan\u00eda; el blanco, libertad y el rojo, independencia, podamos seguir trabajando en unidad para la grandeza de nuestra patria\u00bb, afirm\u00f3.<\/p>\n\n\n\n<p class=\"wp-block-paragraph\">El Gobernador llam\u00f3 a mantener la unidad alrededor de un proyecto de Gobierno centrado, dijo, en el bienestar de las personas.<br>\u00abEn estos gobiernos que est\u00e1n centrados en buscar el bien de las personas, enhorabuena\u00bb, agreg\u00f3 Villarreal Anaya.<\/p>\n\n\n\n<p class=\"wp-block-paragraph\">El llamado fue respaldado en el terreno pol\u00edtico por la presencia de Blanca Narro, legisladora federal tamaulipeca en representaci\u00f3n de la Camara Baja del Congreso de la Uni\u00f3n, quien particip\u00f3 y se sum\u00f3 al mensaje de unidad planteado durante el encuentro.<\/p>\n\n\n\n<p class=\"wp-block-paragraph\">La diputada destac\u00f3 la convocatoria y la participaci\u00f3n de ciudadanos de distintos sectores y de los 43 municipios de Tmaulipas, incluso, hermanos de Nuevo Le\u00f3n, San Luis Potos\u00ed y Veracruz, en una actividad que, adem\u00e1s de preservar una tradici\u00f3n profundamente arraigada en Tamaulipas, permiti\u00f3 reunir en un mismo espacio a representantes de los distintos niveles de Gobierno.<\/p>\n\n\n\n<p class=\"wp-block-paragraph\">\u00abHoy m\u00e1s que nunca necesitamos entender que M\u00e9xico est\u00e1 por encima de cualquier diferencia. La unidad no significa pensar todos igual; significa saber trabajar juntos por la tierra que nos vio nacer y por el Pa\u00eds que queremos dejar a nuestros hijos.\u00bb<br>Narro Paname\u00f1o sostuvo que el futuro nacional exige coordinaci\u00f3n y responsabilidad colectiva.<\/p>\n\n\n\n<p class=\"wp-block-paragraph\">\u00abEl M\u00e9xico pr\u00f3spero y fuerte que queremos no se construye desde la confrontaci\u00f3n. Se construye con trabajo, solidaridad y equipo, defendiendo nuestra soberan\u00eda y haciendo cada quien la parte que le corresponde.\u00bb, dijo Blanca Narro.<\/p>\n\n\n\n<p class=\"wp-block-paragraph\">La Cabalgata de la Unidad reuni\u00f3 a m\u00e1s de 2 mil participantes en un recorrido de poco m\u00e1s de 10 kil\u00f3metros por la capital tamaulipeca.<br>Al t\u00e9rmino, los jinetes convivieron con funcionarios estatales, diputados locales, legisladores federales y ciudadanos en un festejo que incluy\u00f3 una rifa de diversos premios.<\/p>\n\n    <div class=\"xs_social_share_widget xs_share_url after_content \t\tmain_content  wslu-style-1 wslu-share-box-shaped wslu-fill-colored wslu-none wslu-share-horizontal wslu-theme-font-no wslu-main_content\">\n\n\t\t\n        <ul>\n\t\t\t        <\/ul>\n    <\/div> \n","protected":false},"excerpt":{"rendered":"<p>Cd. Victoria, Tam.- El Gobernador Am\u00e9rico Villarreal Anaya llam\u00f3 a los tamaulipecos a cerrar filas en torno a la Presidenta Claudia Sheinbaum Pardo y defender la soberan\u00eda nacional. El mensaje fue lanzado durante la Cabalgata de la Unidad, realizada en la capital tamaulipeca, donde m\u00e1s de 2 mil jinetes recorrieron poco m\u00e1s de 10 kil\u00f3metros&#8230;<\/p>\n","protected":false},"author":2,"featured_media":8430,"comment_status":"open","ping_status":"open","sticky":false,"template":"","format":"standard","meta":{"_monsterinsights_skip_tracking":false,"footnotes":""},"categories":[35],"tags":[],"ppma_author":[45],"class_list":["post-8429","post","type-post","status-publish","format-standard","has-post-thumbnail","hentry","category-estado"],"aioseo_notices":[],"authors":[{"term_id":45,"user_id":2,"is_guest":0,"slug":"redmujerestamyahoo-es","display_name":"Dora De La Cruz","avatar_url":"https:\/\/secure.gravatar.com\/avatar\/5d289d7424cd23c853caf9927561fe540441ff1d3d30ead633ab94d5b8853ba3?s=96&d=mm&r=g","author_category":"","first_name":"Dora De La Cruz","last_name":"","user_url":"","job_title":"","description":""}],"_links":{"self":[{"href":"https:\/\/redtamaulipas.com\/sitio\/wp-json\/wp\/v2\/posts\/8429","targetHints":{"allow":["GET"]}}],"collection":[{"href":"https:\/\/redtamaulipas.com\/sitio\/wp-json\/wp\/v2\/posts"}],"about":[{"href":"https:\/\/redtamaulipas.com\/sitio\/wp-json\/wp\/v2\/types\/post"}],"author":[{"embeddable":true,"href":"https:\/\/redtamaulipas.com\/sitio\/wp-json\/wp\/v2\/users\/2"}],"replies":[{"embeddable":true,"href":"https:\/\/redtamaulipas.com\/sitio\/wp-json\/wp\/v2\/comments?post=8429"}],"version-history":[{"count":1,"href":"https:\/\/redtamaulipas.com\/sitio\/wp-json\/wp\/v2\/posts\/8429\/revisions"}],"predecessor-version":[{"id":8431,"href":"https:\/\/redtamaulipas.com\/sitio\/wp-json\/wp\/v2\/posts\/8429\/revisions\/8431"}],"wp:featuredmedia":[{"embeddable":true,"href":"https:\/\/redtamaulipas.com\/sitio\/wp-json\/wp\/v2\/media\/8430"}],"wp:attachment":[{"href":"https:\/\/redtamaulipas.com\/sitio\/wp-json\/wp\/v2\/media?parent=8429"}],"wp:term":[{"taxonomy":"category","embeddable":true,"href":"https:\/\/redtamaulipas.com\/sitio\/wp-json\/wp\/v2\/categories?post=8429"},{"taxonomy":"post_tag","embeddable":true,"href":"https:\/\/redtamaulipas.com\/sitio\/wp-json\/wp\/v2\/tags?post=8429"},{"taxonomy":"author","embeddable":true,"href":"https:\/\/redtamaulipas.com\/sitio\/wp-json\/wp\/v2\/ppma_author?post=8429"}],"curies":[{"name":"wp","href":"https:\/\/api.w.org\/{rel}","templated":true}]}}