{"id":8420,"date":"2026-08-31T06:42:15","date_gmt":"2026-08-31T04:42:15","guid":{"rendered":"https:\/\/redtamaulipas.com\/sitio\/?p=8420"},"modified":"2026-08-31T06:42:18","modified_gmt":"2026-08-31T04:42:18","slug":"%f0%9f%94%b4-%e2%9a%a0%ef%b8%8flocalizan-en-coahuila-a-dos-ninos-tras-el-feminicidio-de-su-madre-en-tamaulipas","status":"publish","type":"post","link":"https:\/\/redtamaulipas.com\/sitio\/%f0%9f%94%b4-%e2%9a%a0%ef%b8%8flocalizan-en-coahuila-a-dos-ninos-tras-el-feminicidio-de-su-madre-en-tamaulipas\/","title":{"rendered":"\ud83d\udd34 \u26a0\ufe0fLocalizan en Coahuila a dos ni\u00f1os tras el feminicidio de su madre en Tamaulipas"},"content":{"rendered":"\n<p class=\"wp-block-paragraph\">M\u00edriam Vallejano\/ Red Tamaulipas<\/p>\n\n\n\n<p class=\"wp-block-paragraph\">Nuevo Laredo, Tamaulipas.- Los menores de tres y un a\u00f1o de edad, reportados como desaparecidos luego del feminicidio de su madre, Diana, fueron localizados en el estado de Coahuila, de acuerdo con informaci\u00f3n de las autoridades.<br>Los peque\u00f1os habr\u00edan sido llevados por su padre, Miguel, quien es se\u00f1alado como presunto responsable del crimen y contin\u00faa sin ser localizado por las autoridades de Justicia de Tamaulipas.<br>Diana, quien se desempe\u00f1aba como enfermera pedi\u00e1trica en un hospital de Nuevo Laredo y adem\u00e1s era voluntaria de la Cruz Roja, perdi\u00f3 la vida en este hecho violento que mantiene consternada a la comunidad.<br>Las autoridades mantienen las investigaciones para dar con el paradero del hombre se\u00f1alado en el caso.<br>Si quieres, tambi\u00e9n puedo hacerte un<\/p>\n\n\n\n<p class=\"wp-block-paragraph\"><\/p>\n\n    <div class=\"xs_social_share_widget xs_share_url after_content \t\tmain_content  wslu-style-1 wslu-share-box-shaped wslu-fill-colored wslu-none wslu-share-horizontal wslu-theme-font-no wslu-main_content\">\n\n\t\t\n        <ul>\n\t\t\t        <\/ul>\n    <\/div> \n","protected":false},"excerpt":{"rendered":"<p>M\u00edriam Vallejano\/ Red Tamaulipas Nuevo Laredo, Tamaulipas.- Los menores de tres y un a\u00f1o de edad, reportados como desaparecidos luego del feminicidio de su madre, Diana, fueron localizados en el estado de Coahuila, de acuerdo con informaci\u00f3n de las autoridades.Los peque\u00f1os habr\u00edan sido llevados por su padre, Miguel, quien es se\u00f1alado como presunto responsable del&#8230;<\/p>\n","protected":false},"author":2,"featured_media":8421,"comment_status":"open","ping_status":"open","sticky":false,"template":"","format":"standard","meta":{"_monsterinsights_skip_tracking":false,"footnotes":""},"categories":[6],"tags":[],"ppma_author":[45],"class_list":["post-8420","post","type-post","status-publish","format-standard","has-post-thumbnail","hentry","category-especial"],"aioseo_notices":[],"authors":[{"term_id":45,"user_id":2,"is_guest":0,"slug":"redmujerestamyahoo-es","display_name":"Dora De La Cruz","avatar_url":"https:\/\/secure.gravatar.com\/avatar\/5d289d7424cd23c853caf9927561fe540441ff1d3d30ead633ab94d5b8853ba3?s=96&d=mm&r=g","author_category":"","first_name":"Dora De La Cruz","last_name":"","user_url":"","job_title":"","description":""}],"_links":{"self":[{"href":"https:\/\/redtamaulipas.com\/sitio\/wp-json\/wp\/v2\/posts\/8420","targetHints":{"allow":["GET"]}}],"collection":[{"href":"https:\/\/redtamaulipas.com\/sitio\/wp-json\/wp\/v2\/posts"}],"about":[{"href":"https:\/\/redtamaulipas.com\/sitio\/wp-json\/wp\/v2\/types\/post"}],"author":[{"embeddable":true,"href":"https:\/\/redtamaulipas.com\/sitio\/wp-json\/wp\/v2\/users\/2"}],"replies":[{"embeddable":true,"href":"https:\/\/redtamaulipas.com\/sitio\/wp-json\/wp\/v2\/comments?post=8420"}],"version-history":[{"count":1,"href":"https:\/\/redtamaulipas.com\/sitio\/wp-json\/wp\/v2\/posts\/8420\/revisions"}],"predecessor-version":[{"id":8422,"href":"https:\/\/redtamaulipas.com\/sitio\/wp-json\/wp\/v2\/posts\/8420\/revisions\/8422"}],"wp:featuredmedia":[{"embeddable":true,"href":"https:\/\/redtamaulipas.com\/sitio\/wp-json\/wp\/v2\/media\/8421"}],"wp:attachment":[{"href":"https:\/\/redtamaulipas.com\/sitio\/wp-json\/wp\/v2\/media?parent=8420"}],"wp:term":[{"taxonomy":"category","embeddable":true,"href":"https:\/\/redtamaulipas.com\/sitio\/wp-json\/wp\/v2\/categories?post=8420"},{"taxonomy":"post_tag","embeddable":true,"href":"https:\/\/redtamaulipas.com\/sitio\/wp-json\/wp\/v2\/tags?post=8420"},{"taxonomy":"author","embeddable":true,"href":"https:\/\/redtamaulipas.com\/sitio\/wp-json\/wp\/v2\/ppma_author?post=8420"}],"curies":[{"name":"wp","href":"https:\/\/api.w.org\/{rel}","templated":true}]}}