{"id":8417,"date":"2026-08-31T06:41:10","date_gmt":"2026-08-31T04:41:10","guid":{"rendered":"https:\/\/redtamaulipas.com\/sitio\/?p=8417"},"modified":"2026-08-31T06:41:10","modified_gmt":"2026-08-31T04:41:10","slug":"%f0%9f%93%8den-los-proximos-dias-se-define-situacion-legal-de-comandante-mora","status":"publish","type":"post","link":"https:\/\/redtamaulipas.com\/sitio\/%f0%9f%93%8den-los-proximos-dias-se-define-situacion-legal-de-comandante-mora\/","title":{"rendered":"\ud83d\udccdEn los pr\u00f3ximos d\u00edas se define situaci\u00f3n legal de comandante Mora"},"content":{"rendered":"\n<p class=\"wp-block-paragraph\">Miriam Vallejano\/ Red Tamaulipas<\/p>\n\n\n\n<p class=\"wp-block-paragraph\">Altamira, Tamaulipas.- Juan Jes\u00fas \u201cM\u201d permanecer\u00e1 recluido en el CEDES de Altamira, luego de que un juez le impusiera prisi\u00f3n preventiva justificada durante la audiencia inicial por el delito de violaci\u00f3n agravada en perjuicio de una menor de edad, en hechos relacionados con la Escuela Militarizada Doenitz.<br>Durante la audiencia, celebrada este viernes en Ciudad Judicial, la defensa solicit\u00f3 la ampliaci\u00f3n del plazo constitucional a 144 horas para determinar su situaci\u00f3n jur\u00eddica.<br>La diligencia inici\u00f3 a las 13:00 horas y concluy\u00f3 alrededor de las 16:15. La representaci\u00f3n de la v\u00edctima solicit\u00f3 la vinculaci\u00f3n a proceso, mientras que el imputado se reserv\u00f3 su derecho a declarar.<br>El abogado de la v\u00edctima, Omar P\u00e9rez, asegur\u00f3 que la carpeta de investigaci\u00f3n se encuentra \u201cmuy completa y sustentada\u201d y manifest\u00f3 su confianza en que el pr\u00f3ximo 1 de septiembre, a las 16:30 horas, se determine la vinculaci\u00f3n a proceso.<br>\ud83d\udccd El caso Dafne vuelve a los tribunales y mantiene bajo la lupa a la Escuela Militarizada Doenitz.<\/p>\n\n    <div class=\"xs_social_share_widget xs_share_url after_content \t\tmain_content  wslu-style-1 wslu-share-box-shaped wslu-fill-colored wslu-none wslu-share-horizontal wslu-theme-font-no wslu-main_content\">\n\n\t\t\n        <ul>\n\t\t\t        <\/ul>\n    <\/div> \n","protected":false},"excerpt":{"rendered":"<p>Miriam Vallejano\/ Red Tamaulipas Altamira, Tamaulipas.- Juan Jes\u00fas \u201cM\u201d permanecer\u00e1 recluido en el CEDES de Altamira, luego de que un juez le impusiera prisi\u00f3n preventiva justificada durante la audiencia inicial por el delito de violaci\u00f3n agravada en perjuicio de una menor de edad, en hechos relacionados con la Escuela Militarizada Doenitz.Durante la audiencia, celebrada este&#8230;<\/p>\n","protected":false},"author":2,"featured_media":8418,"comment_status":"open","ping_status":"open","sticky":false,"template":"","format":"standard","meta":{"_monsterinsights_skip_tracking":false,"footnotes":""},"categories":[27],"tags":[],"ppma_author":[45],"class_list":["post-8417","post","type-post","status-publish","format-standard","has-post-thumbnail","hentry","category-feminicidio"],"aioseo_notices":[],"authors":[{"term_id":45,"user_id":2,"is_guest":0,"slug":"redmujerestamyahoo-es","display_name":"Dora De La Cruz","avatar_url":"https:\/\/secure.gravatar.com\/avatar\/5d289d7424cd23c853caf9927561fe540441ff1d3d30ead633ab94d5b8853ba3?s=96&d=mm&r=g","author_category":"","first_name":"Dora De La Cruz","last_name":"","user_url":"","job_title":"","description":""}],"_links":{"self":[{"href":"https:\/\/redtamaulipas.com\/sitio\/wp-json\/wp\/v2\/posts\/8417","targetHints":{"allow":["GET"]}}],"collection":[{"href":"https:\/\/redtamaulipas.com\/sitio\/wp-json\/wp\/v2\/posts"}],"about":[{"href":"https:\/\/redtamaulipas.com\/sitio\/wp-json\/wp\/v2\/types\/post"}],"author":[{"embeddable":true,"href":"https:\/\/redtamaulipas.com\/sitio\/wp-json\/wp\/v2\/users\/2"}],"replies":[{"embeddable":true,"href":"https:\/\/redtamaulipas.com\/sitio\/wp-json\/wp\/v2\/comments?post=8417"}],"version-history":[{"count":1,"href":"https:\/\/redtamaulipas.com\/sitio\/wp-json\/wp\/v2\/posts\/8417\/revisions"}],"predecessor-version":[{"id":8419,"href":"https:\/\/redtamaulipas.com\/sitio\/wp-json\/wp\/v2\/posts\/8417\/revisions\/8419"}],"wp:featuredmedia":[{"embeddable":true,"href":"https:\/\/redtamaulipas.com\/sitio\/wp-json\/wp\/v2\/media\/8418"}],"wp:attachment":[{"href":"https:\/\/redtamaulipas.com\/sitio\/wp-json\/wp\/v2\/media?parent=8417"}],"wp:term":[{"taxonomy":"category","embeddable":true,"href":"https:\/\/redtamaulipas.com\/sitio\/wp-json\/wp\/v2\/categories?post=8417"},{"taxonomy":"post_tag","embeddable":true,"href":"https:\/\/redtamaulipas.com\/sitio\/wp-json\/wp\/v2\/tags?post=8417"},{"taxonomy":"author","embeddable":true,"href":"https:\/\/redtamaulipas.com\/sitio\/wp-json\/wp\/v2\/ppma_author?post=8417"}],"curies":[{"name":"wp","href":"https:\/\/api.w.org\/{rel}","templated":true}]}}